{"id":1094,"date":"2024-10-25T16:20:24","date_gmt":"2024-10-25T16:20:24","guid":{"rendered":"https:\/?p=1094"},"modified":"2024-10-25T16:56:31","modified_gmt":"2024-10-25T16:56:31","slug":"a-importancia-da-prevencao-no-outubro-rosa-conversa-com-o-dr-fabricio-colacino","status":"publish","type":"post","link":"https:\/\/oncovitta.com.br\/index.php\/2024\/10\/25\/a-importancia-da-prevencao-no-outubro-rosa-conversa-com-o-dr-fabricio-colacino\/","title":{"rendered":"A import\u00e2ncia da preven\u00e7\u00e3o no Outubro Rosa: Conversa com o Dr. Fabr\u00edcio Colacino"},"content":{"rendered":"\n<h3 class=\"wp-block-heading\"><\/h3>\n\n\n\n<figure class=\"wp-block-image size-large\"><img fetchpriority=\"high\" decoding=\"async\" width=\"2560\" height=\"2560\" src=\"\/\/\/wp-content\/uploads\/2024\/10\/WhatsApp-Image-2024-10-25-at-12.53.49-edited-scaled.jpeg\" alt=\"\" class=\"wp-image-1101\" srcset=\"https:\/\/oncovitta.com.br\/wp-content\/uploads\/2024\/10\/WhatsApp-Image-2024-10-25-at-12.53.49-edited-scaled.jpeg 2560w, https:\/\/oncovitta.com.br\/wp-content\/uploads\/2024\/10\/WhatsApp-Image-2024-10-25-at-12.53.49-edited-300x300.jpeg 300w, https:\/\/oncovitta.com.br\/wp-content\/uploads\/2024\/10\/WhatsApp-Image-2024-10-25-at-12.53.49-edited-1024x1024.jpeg 1024w, https:\/\/oncovitta.com.br\/wp-content\/uploads\/2024\/10\/WhatsApp-Image-2024-10-25-at-12.53.49-edited-150x150.jpeg 150w, https:\/\/oncovitta.com.br\/wp-content\/uploads\/2024\/10\/WhatsApp-Image-2024-10-25-at-12.53.49-edited-768x768.jpeg 768w, https:\/\/oncovitta.com.br\/wp-content\/uploads\/2024\/10\/WhatsApp-Image-2024-10-25-at-12.53.49-edited-1536x1536.jpeg 1536w, https:\/\/oncovitta.com.br\/wp-content\/uploads\/2024\/10\/WhatsApp-Image-2024-10-25-at-12.53.49-edited-2048x2048.jpeg 2048w\" sizes=\"(max-width: 2560px) 100vw, 2560px\" \/><\/figure>\n\n\n\n<p>Na manh\u00e3 desta sexta-feira (25), o Dr. Fabr\u00edcio Colacino participou de uma entrevista no <em>Programa Giro de Not\u00edcias<\/em>, apresentado por Carlos Guilherme. Durante a conversa, o Dr. Fabr\u00edcio destacou a import\u00e2ncia do Outubro Rosa, abordando a preven\u00e7\u00e3o, o diagn\u00f3stico precoce e os cuidados que podem salvar vidas.<\/p>\n\n\n\n<h4 class=\"wp-block-heading\">A preven\u00e7\u00e3o come\u00e7a com informa\u00e7\u00e3o<\/h4>\n\n\n\n<p>Para o Dr. Fabr\u00edcio, n\u00e3o h\u00e1 nada mais nobre na medicina do que a preven\u00e7\u00e3o. Durante a entrevista, ele explicou que o c\u00e2ncer de mama pode ser influenciado por diversos fatores, incluindo gen\u00e9ticos, imunol\u00f3gicos e ambientais. &#8220;O diagn\u00f3stico precoce faz toda a diferen\u00e7a&#8221;, destacou. &#8220;Quando detectado em est\u00e1gio inicial, as chances de cura ultrapassam 95%, evitando sofrimento e sequelas graves.&#8221;<\/p>\n\n\n\n<h4 class=\"wp-block-heading\">A import\u00e2ncia da mamografia<\/h4>\n\n\n\n<p>O oncologista refor\u00e7ou que a mamografia \u00e9 essencial para mulheres a partir dos 40 anos, devido \u00e0 maior efic\u00e1cia do exame nessa faixa et\u00e1ria. &#8220;Mulheres mais jovens, com menos de 40 anos, t\u00eam uma mama mais densa, o que dificulta a detec\u00e7\u00e3o. Por isso, a recomenda\u00e7\u00e3o \u00e9 come\u00e7ar o rastreamento a partir dos 40&#8221;, explicou. Mesmo assim, ele ressaltou que o c\u00e2ncer de mama pode, sim, ocorrer em mulheres mais jovens, sendo crucial procurar um m\u00e9dico ao notar qualquer altera\u00e7\u00e3o.<\/p>\n\n\n\n<h4 class=\"wp-block-heading\">Uma mensagem de esperan\u00e7a e conscientiza\u00e7\u00e3o<\/h4>\n\n\n\n<p>Um dos momentos mais emocionantes da entrevista foi quando o Dr. Fabr\u00edcio contou uma hist\u00f3ria do ano passado. Ele relatou que duas mulheres o procuraram para dizer que, ap\u00f3s ouvirem a entrevista no programa, decidiram fazer a mamografia e conseguiram detectar o c\u00e2ncer em est\u00e1gios iniciais. &#8220;Se nossa conversa conseguiu convencer ao menos uma pessoa a buscar a preven\u00e7\u00e3o, j\u00e1 valeu a pena&#8221;, afirmou.<\/p>\n\n\n\n<p>Durante o bate-papo, o m\u00e9dico incentivou todas as mulheres a realizarem o exame anualmente e adotarem h\u00e1bitos saud\u00e1veis, como manter uma alimenta\u00e7\u00e3o equilibrada, evitar o consumo de \u00e1lcool e praticar atividades f\u00edsicas regularmente. &#8220;A preven\u00e7\u00e3o n\u00e3o \u00e9 um luxo, \u00e9 uma necessidade. E, felizmente, temos acesso \u00e0 mamografia no SUS e em outros sistemas de sa\u00fade&#8221;, lembrou.<\/p>\n\n\n\n<h4 class=\"wp-block-heading\">Uma luta de todos<\/h4>\n\n\n\n<p>O Outubro Rosa \u00e9 um momento de conscientiza\u00e7\u00e3o que vai al\u00e9m do c\u00e2ncer de mama; \u00e9 um lembrete de que o cuidado com a sa\u00fade deve ser cont\u00ednuo. Na Oncovitta, apoiamos essa causa, refor\u00e7ando a import\u00e2ncia do diagn\u00f3stico precoce e do acesso \u00e0 informa\u00e7\u00e3o para salvar vidas. Se voc\u00ea ainda n\u00e3o fez sua mamografia, essa \u00e9 a hora. E, se j\u00e1 fez, ajude a conscientizar outras mulheres sobre a import\u00e2ncia da preven\u00e7\u00e3o.<\/p>\n\n\n\n<figure class=\"wp-block-image size-large\"><img decoding=\"async\" width=\"1024\" height=\"1024\" src=\"\/\/\/wp-content\/uploads\/2024\/10\/WhatsApp-Image-2024-10-25-at-12.53.492-edited-1024x1024.jpeg\" alt=\"\" class=\"wp-image-1097\" srcset=\"https:\/\/oncovitta.com.br\/wp-content\/uploads\/2024\/10\/WhatsApp-Image-2024-10-25-at-12.53.492-edited-1024x1024.jpeg 1024w, https:\/\/oncovitta.com.br\/wp-content\/uploads\/2024\/10\/WhatsApp-Image-2024-10-25-at-12.53.492-edited-300x300.jpeg 300w, https:\/\/oncovitta.com.br\/wp-content\/uploads\/2024\/10\/WhatsApp-Image-2024-10-25-at-12.53.492-edited-150x150.jpeg 150w, https:\/\/oncovitta.com.br\/wp-content\/uploads\/2024\/10\/WhatsApp-Image-2024-10-25-at-12.53.492-edited-768x768.jpeg 768w, https:\/\/oncovitta.com.br\/wp-content\/uploads\/2024\/10\/WhatsApp-Image-2024-10-25-at-12.53.492-edited-1536x1536.jpeg 1536w, https:\/\/oncovitta.com.br\/wp-content\/uploads\/2024\/10\/WhatsApp-Image-2024-10-25-at-12.53.492-edited-2048x2048.jpeg 2048w\" sizes=\"(max-width: 1024px) 100vw, 1024px\" \/><figcaption class=\"wp-element-caption\"><sub><em>Dr. Fabr\u00edcio Colacino ao lado do apresentador Carlos Guilherme<\/em><\/sub><\/figcaption><\/figure>\n","protected":false},"excerpt":{"rendered":"<p>O Outubro Rosa \u00e9 um momento de conscientiza\u00e7\u00e3o que vai al\u00e9m do c\u00e2ncer de mama; \u00e9 um lembrete de que o cuidado com a sa\u00fade deve ser cont\u00ednuo. Na Oncovitta, apoiamos essa causa, refor\u00e7ando a import\u00e2ncia do diagn\u00f3stico precoce e do acesso \u00e0 informa\u00e7\u00e3o para salvar vidas. Se voc\u00ea ainda n\u00e3o fez sua mamografia, essa \u00e9 a hora. E, se j\u00e1 fez, ajude a conscientizar outras mulheres sobre a import\u00e2ncia da preven\u00e7\u00e3o.<\/p>\n","protected":false},"author":4,"featured_media":1095,"comment_status":"open","ping_status":"open","sticky":false,"template":"","format":"standard","meta":{"footnotes":""},"categories":[1],"tags":[7,30,10,13],"yoast_head":"<!-- This site is optimized with the Yoast SEO plugin v24.4 - https:\/\/yoast.com\/wordpress\/plugins\/seo\/ -->\n<title>A import\u00e2ncia da preven\u00e7\u00e3o no Outubro Rosa: Conversa com o Dr. Fabr\u00edcio Colacino - Oncovitta<\/title>\n<meta name=\"robots\" content=\"index, follow, max-snippet:-1, max-image-preview:large, max-video-preview:-1\" \/>\n<link rel=\"canonical\" href=\"https:\/\/oncovitta.com.br\/index.php\/2024\/10\/25\/a-importancia-da-prevencao-no-outubro-rosa-conversa-com-o-dr-fabricio-colacino\/\" \/>\n<meta property=\"og:locale\" content=\"pt_BR\" \/>\n<meta property=\"og:type\" content=\"article\" \/>\n<meta property=\"og:title\" content=\"A import\u00e2ncia da preven\u00e7\u00e3o no Outubro Rosa: Conversa com o Dr. Fabr\u00edcio Colacino - Oncovitta\" \/>\n<meta property=\"og:description\" content=\"O Outubro Rosa \u00e9 um momento de conscientiza\u00e7\u00e3o que vai al\u00e9m do c\u00e2ncer de mama; \u00e9 um lembrete de que o cuidado com a sa\u00fade deve ser cont\u00ednuo. Na Oncovitta, apoiamos essa causa, refor\u00e7ando a import\u00e2ncia do diagn\u00f3stico precoce e do acesso \u00e0 informa\u00e7\u00e3o para salvar vidas. Se voc\u00ea ainda n\u00e3o fez sua mamografia, essa \u00e9 a hora. E, se j\u00e1 fez, ajude a conscientizar outras mulheres sobre a import\u00e2ncia da preven\u00e7\u00e3o.\" \/>\n<meta property=\"og:url\" content=\"https:\/\/oncovitta.com.br\/index.php\/2024\/10\/25\/a-importancia-da-prevencao-no-outubro-rosa-conversa-com-o-dr-fabricio-colacino\/\" \/>\n<meta property=\"og:site_name\" content=\"Oncovitta\" \/>\n<meta property=\"article:published_time\" content=\"2024-10-25T16:20:24+00:00\" \/>\n<meta property=\"article:modified_time\" content=\"2024-10-25T16:56:31+00:00\" \/>\n<meta property=\"og:image\" content=\"https:\/\/oncovitta.com.br\/wp-content\/uploads\/2024\/10\/WhatsApp-Image-2024-10-25-at-12.53.49-scaled.jpeg\" \/>\n\t<meta property=\"og:image:width\" content=\"1920\" \/>\n\t<meta property=\"og:image:height\" content=\"2560\" \/>\n\t<meta property=\"og:image:type\" content=\"image\/jpeg\" \/>\n<meta name=\"author\" content=\"Bruna Querino\" \/>\n<meta name=\"twitter:card\" content=\"summary_large_image\" \/>\n<meta name=\"twitter:label1\" content=\"Escrito por\" \/>\n\t<meta name=\"twitter:data1\" content=\"Bruna Querino\" \/>\n\t<meta name=\"twitter:label2\" content=\"Est. tempo de leitura\" \/>\n\t<meta name=\"twitter:data2\" content=\"3 minutos\" \/>\n<script type=\"application\/ld+json\" class=\"yoast-schema-graph\">{\"@context\":\"https:\/\/schema.org\",\"@graph\":[{\"@type\":\"WebPage\",\"@id\":\"https:\/\/oncovitta.com.br\/index.php\/2024\/10\/25\/a-importancia-da-prevencao-no-outubro-rosa-conversa-com-o-dr-fabricio-colacino\/\",\"url\":\"https:\/\/oncovitta.com.br\/index.php\/2024\/10\/25\/a-importancia-da-prevencao-no-outubro-rosa-conversa-com-o-dr-fabricio-colacino\/\",\"name\":\"A import\u00e2ncia da preven\u00e7\u00e3o no Outubro Rosa: Conversa com o Dr. Fabr\u00edcio Colacino - Oncovitta\",\"isPartOf\":{\"@id\":\"https:\/\/www.oncovitta.com.br\/#website\"},\"primaryImageOfPage\":{\"@id\":\"https:\/\/oncovitta.com.br\/index.php\/2024\/10\/25\/a-importancia-da-prevencao-no-outubro-rosa-conversa-com-o-dr-fabricio-colacino\/#primaryimage\"},\"image\":{\"@id\":\"https:\/\/oncovitta.com.br\/index.php\/2024\/10\/25\/a-importancia-da-prevencao-no-outubro-rosa-conversa-com-o-dr-fabricio-colacino\/#primaryimage\"},\"thumbnailUrl\":\"https:\/\/oncovitta.com.br\/wp-content\/uploads\/2024\/10\/WhatsApp-Image-2024-10-25-at-12.53.49-scaled.jpeg\",\"datePublished\":\"2024-10-25T16:20:24+00:00\",\"dateModified\":\"2024-10-25T16:56:31+00:00\",\"author\":{\"@id\":\"https:\/\/www.oncovitta.com.br\/#\/schema\/person\/0f12b1ab7c8bddd1a44d302048ab429d\"},\"breadcrumb\":{\"@id\":\"https:\/\/oncovitta.com.br\/index.php\/2024\/10\/25\/a-importancia-da-prevencao-no-outubro-rosa-conversa-com-o-dr-fabricio-colacino\/#breadcrumb\"},\"inLanguage\":\"pt-BR\",\"potentialAction\":[{\"@type\":\"ReadAction\",\"target\":[\"https:\/\/oncovitta.com.br\/index.php\/2024\/10\/25\/a-importancia-da-prevencao-no-outubro-rosa-conversa-com-o-dr-fabricio-colacino\/\"]}]},{\"@type\":\"ImageObject\",\"inLanguage\":\"pt-BR\",\"@id\":\"https:\/\/oncovitta.com.br\/index.php\/2024\/10\/25\/a-importancia-da-prevencao-no-outubro-rosa-conversa-com-o-dr-fabricio-colacino\/#primaryimage\",\"url\":\"https:\/\/oncovitta.com.br\/wp-content\/uploads\/2024\/10\/WhatsApp-Image-2024-10-25-at-12.53.49-scaled.jpeg\",\"contentUrl\":\"https:\/\/oncovitta.com.br\/wp-content\/uploads\/2024\/10\/WhatsApp-Image-2024-10-25-at-12.53.49-scaled.jpeg\",\"width\":1920,\"height\":2560},{\"@type\":\"BreadcrumbList\",\"@id\":\"https:\/\/oncovitta.com.br\/index.php\/2024\/10\/25\/a-importancia-da-prevencao-no-outubro-rosa-conversa-com-o-dr-fabricio-colacino\/#breadcrumb\",\"itemListElement\":[{\"@type\":\"ListItem\",\"position\":1,\"name\":\"In\u00edcio\",\"item\":\"https:\/\/www.oncovitta.com.br\/\"},{\"@type\":\"ListItem\",\"position\":2,\"name\":\"A import\u00e2ncia da preven\u00e7\u00e3o no Outubro Rosa: Conversa com o Dr. Fabr\u00edcio Colacino\"}]},{\"@type\":\"WebSite\",\"@id\":\"https:\/\/www.oncovitta.com.br\/#website\",\"url\":\"https:\/\/www.oncovitta.com.br\/\",\"name\":\"Oncovitta\",\"description\":\"\",\"potentialAction\":[{\"@type\":\"SearchAction\",\"target\":{\"@type\":\"EntryPoint\",\"urlTemplate\":\"https:\/\/www.oncovitta.com.br\/?s={search_term_string}\"},\"query-input\":{\"@type\":\"PropertyValueSpecification\",\"valueRequired\":true,\"valueName\":\"search_term_string\"}}],\"inLanguage\":\"pt-BR\"},{\"@type\":\"Person\",\"@id\":\"https:\/\/www.oncovitta.com.br\/#\/schema\/person\/0f12b1ab7c8bddd1a44d302048ab429d\",\"name\":\"Bruna Querino\",\"image\":{\"@type\":\"ImageObject\",\"inLanguage\":\"pt-BR\",\"@id\":\"https:\/\/www.oncovitta.com.br\/#\/schema\/person\/image\/\",\"url\":\"https:\/\/secure.gravatar.com\/avatar\/ef90e1f1740d0ba9acf36b86f2852e79?s=96&d=mm&r=g\",\"contentUrl\":\"https:\/\/secure.gravatar.com\/avatar\/ef90e1f1740d0ba9acf36b86f2852e79?s=96&d=mm&r=g\",\"caption\":\"Bruna Querino\"},\"url\":\"https:\/\/oncovitta.com.br\/index.php\/author\/brunaquerino\/\"}]}<\/script>\n<!-- \/ Yoast SEO plugin. -->","yoast_head_json":{"title":"A import\u00e2ncia da preven\u00e7\u00e3o no Outubro Rosa: Conversa com o Dr. Fabr\u00edcio Colacino - Oncovitta","robots":{"index":"index","follow":"follow","max-snippet":"max-snippet:-1","max-image-preview":"max-image-preview:large","max-video-preview":"max-video-preview:-1"},"canonical":"https:\/\/oncovitta.com.br\/index.php\/2024\/10\/25\/a-importancia-da-prevencao-no-outubro-rosa-conversa-com-o-dr-fabricio-colacino\/","og_locale":"pt_BR","og_type":"article","og_title":"A import\u00e2ncia da preven\u00e7\u00e3o no Outubro Rosa: Conversa com o Dr. Fabr\u00edcio Colacino - Oncovitta","og_description":"O Outubro Rosa \u00e9 um momento de conscientiza\u00e7\u00e3o que vai al\u00e9m do c\u00e2ncer de mama; \u00e9 um lembrete de que o cuidado com a sa\u00fade deve ser cont\u00ednuo. Na Oncovitta, apoiamos essa causa, refor\u00e7ando a import\u00e2ncia do diagn\u00f3stico precoce e do acesso \u00e0 informa\u00e7\u00e3o para salvar vidas. Se voc\u00ea ainda n\u00e3o fez sua mamografia, essa \u00e9 a hora. E, se j\u00e1 fez, ajude a conscientizar outras mulheres sobre a import\u00e2ncia da preven\u00e7\u00e3o.","og_url":"https:\/\/oncovitta.com.br\/index.php\/2024\/10\/25\/a-importancia-da-prevencao-no-outubro-rosa-conversa-com-o-dr-fabricio-colacino\/","og_site_name":"Oncovitta","article_published_time":"2024-10-25T16:20:24+00:00","article_modified_time":"2024-10-25T16:56:31+00:00","og_image":[{"width":1920,"height":2560,"url":"https:\/\/oncovitta.com.br\/wp-content\/uploads\/2024\/10\/WhatsApp-Image-2024-10-25-at-12.53.49-scaled.jpeg","type":"image\/jpeg"}],"author":"Bruna Querino","twitter_card":"summary_large_image","twitter_misc":{"Escrito por":"Bruna Querino","Est. tempo de leitura":"3 minutos"},"schema":{"@context":"https:\/\/schema.org","@graph":[{"@type":"WebPage","@id":"https:\/\/oncovitta.com.br\/index.php\/2024\/10\/25\/a-importancia-da-prevencao-no-outubro-rosa-conversa-com-o-dr-fabricio-colacino\/","url":"https:\/\/oncovitta.com.br\/index.php\/2024\/10\/25\/a-importancia-da-prevencao-no-outubro-rosa-conversa-com-o-dr-fabricio-colacino\/","name":"A import\u00e2ncia da preven\u00e7\u00e3o no Outubro Rosa: Conversa com o Dr. Fabr\u00edcio Colacino - Oncovitta","isPartOf":{"@id":"https:\/\/www.oncovitta.com.br\/#website"},"primaryImageOfPage":{"@id":"https:\/\/oncovitta.com.br\/index.php\/2024\/10\/25\/a-importancia-da-prevencao-no-outubro-rosa-conversa-com-o-dr-fabricio-colacino\/#primaryimage"},"image":{"@id":"https:\/\/oncovitta.com.br\/index.php\/2024\/10\/25\/a-importancia-da-prevencao-no-outubro-rosa-conversa-com-o-dr-fabricio-colacino\/#primaryimage"},"thumbnailUrl":"https:\/\/oncovitta.com.br\/wp-content\/uploads\/2024\/10\/WhatsApp-Image-2024-10-25-at-12.53.49-scaled.jpeg","datePublished":"2024-10-25T16:20:24+00:00","dateModified":"2024-10-25T16:56:31+00:00","author":{"@id":"https:\/\/www.oncovitta.com.br\/#\/schema\/person\/0f12b1ab7c8bddd1a44d302048ab429d"},"breadcrumb":{"@id":"https:\/\/oncovitta.com.br\/index.php\/2024\/10\/25\/a-importancia-da-prevencao-no-outubro-rosa-conversa-com-o-dr-fabricio-colacino\/#breadcrumb"},"inLanguage":"pt-BR","potentialAction":[{"@type":"ReadAction","target":["https:\/\/oncovitta.com.br\/index.php\/2024\/10\/25\/a-importancia-da-prevencao-no-outubro-rosa-conversa-com-o-dr-fabricio-colacino\/"]}]},{"@type":"ImageObject","inLanguage":"pt-BR","@id":"https:\/\/oncovitta.com.br\/index.php\/2024\/10\/25\/a-importancia-da-prevencao-no-outubro-rosa-conversa-com-o-dr-fabricio-colacino\/#primaryimage","url":"https:\/\/oncovitta.com.br\/wp-content\/uploads\/2024\/10\/WhatsApp-Image-2024-10-25-at-12.53.49-scaled.jpeg","contentUrl":"https:\/\/oncovitta.com.br\/wp-content\/uploads\/2024\/10\/WhatsApp-Image-2024-10-25-at-12.53.49-scaled.jpeg","width":1920,"height":2560},{"@type":"BreadcrumbList","@id":"https:\/\/oncovitta.com.br\/index.php\/2024\/10\/25\/a-importancia-da-prevencao-no-outubro-rosa-conversa-com-o-dr-fabricio-colacino\/#breadcrumb","itemListElement":[{"@type":"ListItem","position":1,"name":"In\u00edcio","item":"https:\/\/www.oncovitta.com.br\/"},{"@type":"ListItem","position":2,"name":"A import\u00e2ncia da preven\u00e7\u00e3o no Outubro Rosa: Conversa com o Dr. Fabr\u00edcio Colacino"}]},{"@type":"WebSite","@id":"https:\/\/www.oncovitta.com.br\/#website","url":"https:\/\/www.oncovitta.com.br\/","name":"Oncovitta","description":"","potentialAction":[{"@type":"SearchAction","target":{"@type":"EntryPoint","urlTemplate":"https:\/\/www.oncovitta.com.br\/?s={search_term_string}"},"query-input":{"@type":"PropertyValueSpecification","valueRequired":true,"valueName":"search_term_string"}}],"inLanguage":"pt-BR"},{"@type":"Person","@id":"https:\/\/www.oncovitta.com.br\/#\/schema\/person\/0f12b1ab7c8bddd1a44d302048ab429d","name":"Bruna Querino","image":{"@type":"ImageObject","inLanguage":"pt-BR","@id":"https:\/\/www.oncovitta.com.br\/#\/schema\/person\/image\/","url":"https:\/\/secure.gravatar.com\/avatar\/ef90e1f1740d0ba9acf36b86f2852e79?s=96&d=mm&r=g","contentUrl":"https:\/\/secure.gravatar.com\/avatar\/ef90e1f1740d0ba9acf36b86f2852e79?s=96&d=mm&r=g","caption":"Bruna Querino"},"url":"https:\/\/oncovitta.com.br\/index.php\/author\/brunaquerino\/"}]}},"_links":{"self":[{"href":"https:\/\/oncovitta.com.br\/index.php\/wp-json\/wp\/v2\/posts\/1094"}],"collection":[{"href":"https:\/\/oncovitta.com.br\/index.php\/wp-json\/wp\/v2\/posts"}],"about":[{"href":"https:\/\/oncovitta.com.br\/index.php\/wp-json\/wp\/v2\/types\/post"}],"author":[{"embeddable":true,"href":"https:\/\/oncovitta.com.br\/index.php\/wp-json\/wp\/v2\/users\/4"}],"replies":[{"embeddable":true,"href":"https:\/\/oncovitta.com.br\/index.php\/wp-json\/wp\/v2\/comments?post=1094"}],"version-history":[{"count":5,"href":"https:\/\/oncovitta.com.br\/index.php\/wp-json\/wp\/v2\/posts\/1094\/revisions"}],"predecessor-version":[{"id":1105,"href":"https:\/\/oncovitta.com.br\/index.php\/wp-json\/wp\/v2\/posts\/1094\/revisions\/1105"}],"wp:featuredmedia":[{"embeddable":true,"href":"https:\/\/oncovitta.com.br\/index.php\/wp-json\/wp\/v2\/media\/1095"}],"wp:attachment":[{"href":"https:\/\/oncovitta.com.br\/index.php\/wp-json\/wp\/v2\/media?parent=1094"}],"wp:term":[{"taxonomy":"category","embeddable":true,"href":"https:\/\/oncovitta.com.br\/index.php\/wp-json\/wp\/v2\/categories?post=1094"},{"taxonomy":"post_tag","embeddable":true,"href":"https:\/\/oncovitta.com.br\/index.php\/wp-json\/wp\/v2\/tags?post=1094"}],"curies":[{"name":"wp","href":"https:\/\/api.w.org\/{rel}","templated":true}]}}