{"id":1137,"date":"2024-12-03T15:33:35","date_gmt":"2024-12-03T15:33:35","guid":{"rendered":"https:\/?p=1137"},"modified":"2024-12-03T15:52:15","modified_gmt":"2024-12-03T15:52:15","slug":"reconhecimento-e-excelencia-medicos-da-oncovitta-sao-homenageados-na-camara-municipal","status":"publish","type":"post","link":"https:\/\/oncovitta.com.br\/index.php\/2024\/12\/03\/reconhecimento-e-excelencia-medicos-da-oncovitta-sao-homenageados-na-camara-municipal\/","title":{"rendered":"Reconhecimento e excel\u00eancia: m\u00e9dicos da Oncovitta s\u00e3o homenageados na C\u00e2mara Municipal"},"content":{"rendered":"\n<h3 class=\"wp-block-heading\"><\/h3>\n\n\n\n<p>Na noite da \u00faltima segunda-feira (2), o Plen\u00e1rio Oliva Enciso da C\u00e2mara Municipal de Campo Grande foi palco de uma emocionante celebra\u00e7\u00e3o em homenagem ao Dia do M\u00e9dico. Durante a Sess\u00e3o Solene de Outorga de Medalha Legislativa, dois grandes profissionais da Oncovitta, a Dra. Rafaela Siufi e o Dr. Omar Gurrola, receberam a Medalha Legislativa \u201cDr. William Maksoud\u201d, um reconhecimento pelo trabalho excepcional realizado em prol da sa\u00fade da popula\u00e7\u00e3o.<\/p>\n\n\n\n<figure class=\"wp-block-image size-large\"><img fetchpriority=\"high\" decoding=\"async\" width=\"1024\" height=\"681\" src=\"\/\/\/wp-content\/uploads\/2024\/12\/IMG_9032-scaled-1-1024x681.jpg\" alt=\"\" class=\"wp-image-1139\" srcset=\"https:\/\/oncovitta.com.br\/wp-content\/uploads\/2024\/12\/IMG_9032-scaled-1-1024x681.jpg 1024w, https:\/\/oncovitta.com.br\/wp-content\/uploads\/2024\/12\/IMG_9032-scaled-1-300x200.jpg 300w, https:\/\/oncovitta.com.br\/wp-content\/uploads\/2024\/12\/IMG_9032-scaled-1-768x511.jpg 768w, https:\/\/oncovitta.com.br\/wp-content\/uploads\/2024\/12\/IMG_9032-scaled-1-1536x1022.jpg 1536w, https:\/\/oncovitta.com.br\/wp-content\/uploads\/2024\/12\/IMG_9032-scaled-1.jpg 1680w\" sizes=\"(max-width: 1024px) 100vw, 1024px\" \/><\/figure>\n\n\n\n<h4 class=\"wp-block-heading\">Uma homenagem ao compromisso com a sa\u00fade<\/h4>\n\n\n\n<p>A Medalha \u201cDr. William Maksoud\u201d, institu\u00edda pela Resolu\u00e7\u00e3o n. 1.221\/16, celebra m\u00e9dicos que se destacam pelo impacto transformador em suas comunidades. Proposta pelo vereador e m\u00e9dico Dr. Victor Rocha, a solenidade reconheceu os esfor\u00e7os de profissionais que dedicam suas vidas ao cuidado humano e \u00e0 sa\u00fade. \u201cTodo dia \u00e9 dia de salvar vidas\u201d, destacou o vereador, refor\u00e7ando a import\u00e2ncia de valorizar a dedica\u00e7\u00e3o desses m\u00e9dicos.<\/p>\n\n\n\n<p>Dra. Rafaela Siufi e Dr. Omar Gurrola, integrantes da equipe da Oncovitta, foram reconhecidos por suas trajet\u00f3rias de excel\u00eancia e compromisso. A cl\u00ednica, com unidades em v\u00e1rios estados do pa\u00eds, \u00e9 refer\u00eancia no cuidado oncol\u00f3gico, sempre focando em um atendimento humanizado e inovador. Este reconhecimento na C\u00e2mara \u00e9 um reflexo do trabalho di\u00e1rio desses profissionais, que fazem a diferen\u00e7a na vida de in\u00fameros pacientes.<\/p>\n\n\n\n<figure class=\"wp-block-gallery has-nested-images columns-default is-cropped wp-block-gallery-1 is-layout-flex wp-block-gallery-is-layout-flex\">\n<figure class=\"wp-block-image size-large\"><img decoding=\"async\" width=\"1024\" height=\"681\" data-id=\"1146\" src=\"\/\/\/wp-content\/uploads\/2024\/12\/WhatsApp-Image-2024-12-03-at-11.09.40-1024x681.jpeg\" alt=\"\" class=\"wp-image-1146\" srcset=\"https:\/\/oncovitta.com.br\/wp-content\/uploads\/2024\/12\/WhatsApp-Image-2024-12-03-at-11.09.40-1024x681.jpeg 1024w, https:\/\/oncovitta.com.br\/wp-content\/uploads\/2024\/12\/WhatsApp-Image-2024-12-03-at-11.09.40-300x200.jpeg 300w, https:\/\/oncovitta.com.br\/wp-content\/uploads\/2024\/12\/WhatsApp-Image-2024-12-03-at-11.09.40-768x511.jpeg 768w, https:\/\/oncovitta.com.br\/wp-content\/uploads\/2024\/12\/WhatsApp-Image-2024-12-03-at-11.09.40-1536x1021.jpeg 1536w, https:\/\/oncovitta.com.br\/wp-content\/uploads\/2024\/12\/WhatsApp-Image-2024-12-03-at-11.09.40.jpeg 1600w\" sizes=\"(max-width: 1024px) 100vw, 1024px\" \/><\/figure>\n\n\n\n<figure class=\"wp-block-image size-large\"><img decoding=\"async\" width=\"1024\" height=\"681\" data-id=\"1145\" src=\"\/\/\/wp-content\/uploads\/2024\/12\/WhatsApp-Image-2024-12-03-at-11.09.401-1024x681.jpeg\" alt=\"\" class=\"wp-image-1145\" srcset=\"https:\/\/oncovitta.com.br\/wp-content\/uploads\/2024\/12\/WhatsApp-Image-2024-12-03-at-11.09.401-1024x681.jpeg 1024w, https:\/\/oncovitta.com.br\/wp-content\/uploads\/2024\/12\/WhatsApp-Image-2024-12-03-at-11.09.401-300x200.jpeg 300w, https:\/\/oncovitta.com.br\/wp-content\/uploads\/2024\/12\/WhatsApp-Image-2024-12-03-at-11.09.401-768x511.jpeg 768w, https:\/\/oncovitta.com.br\/wp-content\/uploads\/2024\/12\/WhatsApp-Image-2024-12-03-at-11.09.401-1536x1021.jpeg 1536w, https:\/\/oncovitta.com.br\/wp-content\/uploads\/2024\/12\/WhatsApp-Image-2024-12-03-at-11.09.401.jpeg 1600w\" sizes=\"(max-width: 1024px) 100vw, 1024px\" \/><\/figure>\n<\/figure>\n\n\n\n<h4 class=\"wp-block-heading\">A Oncovitta e o cuidado com a sa\u00fade<\/h4>\n\n\n\n<p>A Oncovitta oferece uma abordagem integrada no cuidado ao paciente oncol\u00f3gico, abrangendo desde tratamentos avan\u00e7ados, como quimioterapia e imunoterapia, at\u00e9 o suporte multidisciplinar com especialidades como endocrinologia, gen\u00e9tica m\u00e9dica e psicologia. Esse modelo de atendimento coloca o paciente no centro das decis\u00f5es, priorizando n\u00e3o apenas os resultados cl\u00ednicos, mas tamb\u00e9m a qualidade de vida e o apoio emocional durante todas as etapas do tratamento.<\/p>\n\n\n\n<p>O trabalho da cl\u00ednica vai al\u00e9m dos tratamentos, promovendo campanhas de conscientiza\u00e7\u00e3o e incentivando a preven\u00e7\u00e3o em diversas \u00e1reas da sa\u00fade. Com profissionais altamente capacitados e um compromisso constante com a inova\u00e7\u00e3o, a Oncovitta se mant\u00e9m como um pilar essencial no cuidado com a sa\u00fade no Centro-Oeste.<\/p>\n\n\n\n<figure class=\"wp-block-gallery has-nested-images columns-default is-cropped wp-block-gallery-2 is-layout-flex wp-block-gallery-is-layout-flex\">\n<figure class=\"wp-block-image size-large\"><img loading=\"lazy\" decoding=\"async\" width=\"575\" height=\"343\" data-id=\"1140\" src=\"\/\/\/wp-content\/uploads\/2024\/12\/equipe4.webp\" alt=\"\" class=\"wp-image-1140\" srcset=\"https:\/\/oncovitta.com.br\/wp-content\/uploads\/2024\/12\/equipe4.webp 575w, https:\/\/oncovitta.com.br\/wp-content\/uploads\/2024\/12\/equipe4-300x179.webp 300w\" sizes=\"(max-width: 575px) 100vw, 575px\" \/><\/figure>\n\n\n\n<figure class=\"wp-block-image size-large\"><img loading=\"lazy\" decoding=\"async\" width=\"575\" height=\"343\" data-id=\"1141\" src=\"\/\/\/wp-content\/uploads\/2024\/12\/equipe5.webp\" alt=\"\" class=\"wp-image-1141\" srcset=\"https:\/\/oncovitta.com.br\/wp-content\/uploads\/2024\/12\/equipe5.webp 575w, https:\/\/oncovitta.com.br\/wp-content\/uploads\/2024\/12\/equipe5-300x179.webp 300w\" sizes=\"(max-width: 575px) 100vw, 575px\" \/><\/figure>\n\n\n\n<figure class=\"wp-block-image size-large\"><img loading=\"lazy\" decoding=\"async\" width=\"575\" height=\"343\" data-id=\"1143\" src=\"\/\/\/wp-content\/uploads\/2024\/12\/equipe7.webp\" alt=\"\" class=\"wp-image-1143\" srcset=\"https:\/\/oncovitta.com.br\/wp-content\/uploads\/2024\/12\/equipe7.webp 575w, https:\/\/oncovitta.com.br\/wp-content\/uploads\/2024\/12\/equipe7-300x179.webp 300w\" sizes=\"(max-width: 575px) 100vw, 575px\" \/><\/figure>\n\n\n\n<figure class=\"wp-block-image size-large\"><img loading=\"lazy\" decoding=\"async\" width=\"511\" height=\"306\" data-id=\"1144\" src=\"\/\/\/wp-content\/uploads\/2024\/12\/equipe8.webp\" alt=\"\" class=\"wp-image-1144\" srcset=\"https:\/\/oncovitta.com.br\/wp-content\/uploads\/2024\/12\/equipe8.webp 511w, https:\/\/oncovitta.com.br\/wp-content\/uploads\/2024\/12\/equipe8-300x180.webp 300w\" sizes=\"(max-width: 511px) 100vw, 511px\" \/><\/figure>\n\n\n\n<figure class=\"wp-block-image size-large\"><img loading=\"lazy\" decoding=\"async\" width=\"511\" height=\"306\" data-id=\"1142\" src=\"\/\/\/wp-content\/uploads\/2024\/12\/equipe9.webp\" alt=\"\" class=\"wp-image-1142\" srcset=\"https:\/\/oncovitta.com.br\/wp-content\/uploads\/2024\/12\/equipe9.webp 511w, https:\/\/oncovitta.com.br\/wp-content\/uploads\/2024\/12\/equipe9-300x180.webp 300w\" sizes=\"(max-width: 511px) 100vw, 511px\" \/><\/figure>\n<\/figure>\n","protected":false},"excerpt":{"rendered":"<p>Na noite da \u00faltima segunda-feira (2), o Plen\u00e1rio Oliva Enciso da C\u00e2mara Municipal de Campo Grande foi palco de uma emocionante celebra\u00e7\u00e3o em homenagem ao Dia do M\u00e9dico. Durante a Sess\u00e3o Solene de Outorga de Medalha Legislativa, dois grandes profissionais da Oncovitta, a Dra. Rafaela Siufi e o Dr. Omar Gurrola, receberam a Medalha Legislativa \u201cDr. William Maksoud\u201d, um reconhecimento pelo trabalho excepcional realizado em prol da sa\u00fade da popula\u00e7\u00e3o.<\/p>\n","protected":false},"author":4,"featured_media":1138,"comment_status":"open","ping_status":"open","sticky":false,"template":"","format":"standard","meta":{"footnotes":""},"categories":[1],"tags":[7,13],"yoast_head":"<!-- This site is optimized with the Yoast SEO plugin v24.4 - https:\/\/yoast.com\/wordpress\/plugins\/seo\/ -->\n<title>Reconhecimento e excel\u00eancia: m\u00e9dicos da Oncovitta s\u00e3o homenageados na C\u00e2mara Municipal - Oncovitta<\/title>\n<meta name=\"robots\" content=\"index, follow, max-snippet:-1, max-image-preview:large, max-video-preview:-1\" \/>\n<link rel=\"canonical\" href=\"https:\/\/oncovitta.com.br\/index.php\/2024\/12\/03\/reconhecimento-e-excelencia-medicos-da-oncovitta-sao-homenageados-na-camara-municipal\/\" \/>\n<meta property=\"og:locale\" content=\"pt_BR\" \/>\n<meta property=\"og:type\" content=\"article\" \/>\n<meta property=\"og:title\" content=\"Reconhecimento e excel\u00eancia: m\u00e9dicos da Oncovitta s\u00e3o homenageados na C\u00e2mara Municipal - Oncovitta\" \/>\n<meta property=\"og:description\" content=\"Na noite da \u00faltima segunda-feira (2), o Plen\u00e1rio Oliva Enciso da C\u00e2mara Municipal de Campo Grande foi palco de uma emocionante celebra\u00e7\u00e3o em homenagem ao Dia do M\u00e9dico. Durante a Sess\u00e3o Solene de Outorga de Medalha Legislativa, dois grandes profissionais da Oncovitta, a Dra. Rafaela Siufi e o Dr. Omar Gurrola, receberam a Medalha Legislativa \u201cDr. William Maksoud\u201d, um reconhecimento pelo trabalho excepcional realizado em prol da sa\u00fade da popula\u00e7\u00e3o.\" \/>\n<meta property=\"og:url\" content=\"https:\/\/oncovitta.com.br\/index.php\/2024\/12\/03\/reconhecimento-e-excelencia-medicos-da-oncovitta-sao-homenageados-na-camara-municipal\/\" \/>\n<meta property=\"og:site_name\" content=\"Oncovitta\" \/>\n<meta property=\"article:published_time\" content=\"2024-12-03T15:33:35+00:00\" \/>\n<meta property=\"article:modified_time\" content=\"2024-12-03T15:52:15+00:00\" \/>\n<meta property=\"og:image\" content=\"https:\/\/oncovitta.com.br\/wp-content\/uploads\/2024\/12\/WhatsApp-Image-2024-12-03-at-12.26.48.jpeg\" \/>\n\t<meta property=\"og:image:width\" content=\"940\" \/>\n\t<meta property=\"og:image:height\" content=\"788\" \/>\n\t<meta property=\"og:image:type\" content=\"image\/jpeg\" \/>\n<meta name=\"author\" content=\"Bruna Querino\" \/>\n<meta name=\"twitter:card\" content=\"summary_large_image\" \/>\n<meta name=\"twitter:label1\" content=\"Escrito por\" \/>\n\t<meta name=\"twitter:data1\" content=\"Bruna Querino\" \/>\n\t<meta name=\"twitter:label2\" content=\"Est. tempo de leitura\" \/>\n\t<meta name=\"twitter:data2\" content=\"4 minutos\" \/>\n<script type=\"application\/ld+json\" class=\"yoast-schema-graph\">{\"@context\":\"https:\/\/schema.org\",\"@graph\":[{\"@type\":\"WebPage\",\"@id\":\"https:\/\/oncovitta.com.br\/index.php\/2024\/12\/03\/reconhecimento-e-excelencia-medicos-da-oncovitta-sao-homenageados-na-camara-municipal\/\",\"url\":\"https:\/\/oncovitta.com.br\/index.php\/2024\/12\/03\/reconhecimento-e-excelencia-medicos-da-oncovitta-sao-homenageados-na-camara-municipal\/\",\"name\":\"Reconhecimento e excel\u00eancia: m\u00e9dicos da Oncovitta s\u00e3o homenageados na C\u00e2mara Municipal - Oncovitta\",\"isPartOf\":{\"@id\":\"https:\/\/www.oncovitta.com.br\/#website\"},\"primaryImageOfPage\":{\"@id\":\"https:\/\/oncovitta.com.br\/index.php\/2024\/12\/03\/reconhecimento-e-excelencia-medicos-da-oncovitta-sao-homenageados-na-camara-municipal\/#primaryimage\"},\"image\":{\"@id\":\"https:\/\/oncovitta.com.br\/index.php\/2024\/12\/03\/reconhecimento-e-excelencia-medicos-da-oncovitta-sao-homenageados-na-camara-municipal\/#primaryimage\"},\"thumbnailUrl\":\"https:\/\/oncovitta.com.br\/wp-content\/uploads\/2024\/12\/WhatsApp-Image-2024-12-03-at-12.26.48.jpeg\",\"datePublished\":\"2024-12-03T15:33:35+00:00\",\"dateModified\":\"2024-12-03T15:52:15+00:00\",\"author\":{\"@id\":\"https:\/\/www.oncovitta.com.br\/#\/schema\/person\/0f12b1ab7c8bddd1a44d302048ab429d\"},\"breadcrumb\":{\"@id\":\"https:\/\/oncovitta.com.br\/index.php\/2024\/12\/03\/reconhecimento-e-excelencia-medicos-da-oncovitta-sao-homenageados-na-camara-municipal\/#breadcrumb\"},\"inLanguage\":\"pt-BR\",\"potentialAction\":[{\"@type\":\"ReadAction\",\"target\":[\"https:\/\/oncovitta.com.br\/index.php\/2024\/12\/03\/reconhecimento-e-excelencia-medicos-da-oncovitta-sao-homenageados-na-camara-municipal\/\"]}]},{\"@type\":\"ImageObject\",\"inLanguage\":\"pt-BR\",\"@id\":\"https:\/\/oncovitta.com.br\/index.php\/2024\/12\/03\/reconhecimento-e-excelencia-medicos-da-oncovitta-sao-homenageados-na-camara-municipal\/#primaryimage\",\"url\":\"https:\/\/oncovitta.com.br\/wp-content\/uploads\/2024\/12\/WhatsApp-Image-2024-12-03-at-12.26.48.jpeg\",\"contentUrl\":\"https:\/\/oncovitta.com.br\/wp-content\/uploads\/2024\/12\/WhatsApp-Image-2024-12-03-at-12.26.48.jpeg\",\"width\":940,\"height\":788},{\"@type\":\"BreadcrumbList\",\"@id\":\"https:\/\/oncovitta.com.br\/index.php\/2024\/12\/03\/reconhecimento-e-excelencia-medicos-da-oncovitta-sao-homenageados-na-camara-municipal\/#breadcrumb\",\"itemListElement\":[{\"@type\":\"ListItem\",\"position\":1,\"name\":\"In\u00edcio\",\"item\":\"https:\/\/www.oncovitta.com.br\/\"},{\"@type\":\"ListItem\",\"position\":2,\"name\":\"Reconhecimento e excel\u00eancia: m\u00e9dicos da Oncovitta s\u00e3o homenageados na C\u00e2mara Municipal\"}]},{\"@type\":\"WebSite\",\"@id\":\"https:\/\/www.oncovitta.com.br\/#website\",\"url\":\"https:\/\/www.oncovitta.com.br\/\",\"name\":\"Oncovitta\",\"description\":\"\",\"potentialAction\":[{\"@type\":\"SearchAction\",\"target\":{\"@type\":\"EntryPoint\",\"urlTemplate\":\"https:\/\/www.oncovitta.com.br\/?s={search_term_string}\"},\"query-input\":{\"@type\":\"PropertyValueSpecification\",\"valueRequired\":true,\"valueName\":\"search_term_string\"}}],\"inLanguage\":\"pt-BR\"},{\"@type\":\"Person\",\"@id\":\"https:\/\/www.oncovitta.com.br\/#\/schema\/person\/0f12b1ab7c8bddd1a44d302048ab429d\",\"name\":\"Bruna Querino\",\"image\":{\"@type\":\"ImageObject\",\"inLanguage\":\"pt-BR\",\"@id\":\"https:\/\/www.oncovitta.com.br\/#\/schema\/person\/image\/\",\"url\":\"https:\/\/secure.gravatar.com\/avatar\/ef90e1f1740d0ba9acf36b86f2852e79?s=96&d=mm&r=g\",\"contentUrl\":\"https:\/\/secure.gravatar.com\/avatar\/ef90e1f1740d0ba9acf36b86f2852e79?s=96&d=mm&r=g\",\"caption\":\"Bruna Querino\"},\"url\":\"https:\/\/oncovitta.com.br\/index.php\/author\/brunaquerino\/\"}]}<\/script>\n<!-- \/ Yoast SEO plugin. -->","yoast_head_json":{"title":"Reconhecimento e excel\u00eancia: m\u00e9dicos da Oncovitta s\u00e3o homenageados na C\u00e2mara Municipal - Oncovitta","robots":{"index":"index","follow":"follow","max-snippet":"max-snippet:-1","max-image-preview":"max-image-preview:large","max-video-preview":"max-video-preview:-1"},"canonical":"https:\/\/oncovitta.com.br\/index.php\/2024\/12\/03\/reconhecimento-e-excelencia-medicos-da-oncovitta-sao-homenageados-na-camara-municipal\/","og_locale":"pt_BR","og_type":"article","og_title":"Reconhecimento e excel\u00eancia: m\u00e9dicos da Oncovitta s\u00e3o homenageados na C\u00e2mara Municipal - Oncovitta","og_description":"Na noite da \u00faltima segunda-feira (2), o Plen\u00e1rio Oliva Enciso da C\u00e2mara Municipal de Campo Grande foi palco de uma emocionante celebra\u00e7\u00e3o em homenagem ao Dia do M\u00e9dico. Durante a Sess\u00e3o Solene de Outorga de Medalha Legislativa, dois grandes profissionais da Oncovitta, a Dra. Rafaela Siufi e o Dr. Omar Gurrola, receberam a Medalha Legislativa \u201cDr. William Maksoud\u201d, um reconhecimento pelo trabalho excepcional realizado em prol da sa\u00fade da popula\u00e7\u00e3o.","og_url":"https:\/\/oncovitta.com.br\/index.php\/2024\/12\/03\/reconhecimento-e-excelencia-medicos-da-oncovitta-sao-homenageados-na-camara-municipal\/","og_site_name":"Oncovitta","article_published_time":"2024-12-03T15:33:35+00:00","article_modified_time":"2024-12-03T15:52:15+00:00","og_image":[{"width":940,"height":788,"url":"https:\/\/oncovitta.com.br\/wp-content\/uploads\/2024\/12\/WhatsApp-Image-2024-12-03-at-12.26.48.jpeg","type":"image\/jpeg"}],"author":"Bruna Querino","twitter_card":"summary_large_image","twitter_misc":{"Escrito por":"Bruna Querino","Est. tempo de leitura":"4 minutos"},"schema":{"@context":"https:\/\/schema.org","@graph":[{"@type":"WebPage","@id":"https:\/\/oncovitta.com.br\/index.php\/2024\/12\/03\/reconhecimento-e-excelencia-medicos-da-oncovitta-sao-homenageados-na-camara-municipal\/","url":"https:\/\/oncovitta.com.br\/index.php\/2024\/12\/03\/reconhecimento-e-excelencia-medicos-da-oncovitta-sao-homenageados-na-camara-municipal\/","name":"Reconhecimento e excel\u00eancia: m\u00e9dicos da Oncovitta s\u00e3o homenageados na C\u00e2mara Municipal - Oncovitta","isPartOf":{"@id":"https:\/\/www.oncovitta.com.br\/#website"},"primaryImageOfPage":{"@id":"https:\/\/oncovitta.com.br\/index.php\/2024\/12\/03\/reconhecimento-e-excelencia-medicos-da-oncovitta-sao-homenageados-na-camara-municipal\/#primaryimage"},"image":{"@id":"https:\/\/oncovitta.com.br\/index.php\/2024\/12\/03\/reconhecimento-e-excelencia-medicos-da-oncovitta-sao-homenageados-na-camara-municipal\/#primaryimage"},"thumbnailUrl":"https:\/\/oncovitta.com.br\/wp-content\/uploads\/2024\/12\/WhatsApp-Image-2024-12-03-at-12.26.48.jpeg","datePublished":"2024-12-03T15:33:35+00:00","dateModified":"2024-12-03T15:52:15+00:00","author":{"@id":"https:\/\/www.oncovitta.com.br\/#\/schema\/person\/0f12b1ab7c8bddd1a44d302048ab429d"},"breadcrumb":{"@id":"https:\/\/oncovitta.com.br\/index.php\/2024\/12\/03\/reconhecimento-e-excelencia-medicos-da-oncovitta-sao-homenageados-na-camara-municipal\/#breadcrumb"},"inLanguage":"pt-BR","potentialAction":[{"@type":"ReadAction","target":["https:\/\/oncovitta.com.br\/index.php\/2024\/12\/03\/reconhecimento-e-excelencia-medicos-da-oncovitta-sao-homenageados-na-camara-municipal\/"]}]},{"@type":"ImageObject","inLanguage":"pt-BR","@id":"https:\/\/oncovitta.com.br\/index.php\/2024\/12\/03\/reconhecimento-e-excelencia-medicos-da-oncovitta-sao-homenageados-na-camara-municipal\/#primaryimage","url":"https:\/\/oncovitta.com.br\/wp-content\/uploads\/2024\/12\/WhatsApp-Image-2024-12-03-at-12.26.48.jpeg","contentUrl":"https:\/\/oncovitta.com.br\/wp-content\/uploads\/2024\/12\/WhatsApp-Image-2024-12-03-at-12.26.48.jpeg","width":940,"height":788},{"@type":"BreadcrumbList","@id":"https:\/\/oncovitta.com.br\/index.php\/2024\/12\/03\/reconhecimento-e-excelencia-medicos-da-oncovitta-sao-homenageados-na-camara-municipal\/#breadcrumb","itemListElement":[{"@type":"ListItem","position":1,"name":"In\u00edcio","item":"https:\/\/www.oncovitta.com.br\/"},{"@type":"ListItem","position":2,"name":"Reconhecimento e excel\u00eancia: m\u00e9dicos da Oncovitta s\u00e3o homenageados na C\u00e2mara Municipal"}]},{"@type":"WebSite","@id":"https:\/\/www.oncovitta.com.br\/#website","url":"https:\/\/www.oncovitta.com.br\/","name":"Oncovitta","description":"","potentialAction":[{"@type":"SearchAction","target":{"@type":"EntryPoint","urlTemplate":"https:\/\/www.oncovitta.com.br\/?s={search_term_string}"},"query-input":{"@type":"PropertyValueSpecification","valueRequired":true,"valueName":"search_term_string"}}],"inLanguage":"pt-BR"},{"@type":"Person","@id":"https:\/\/www.oncovitta.com.br\/#\/schema\/person\/0f12b1ab7c8bddd1a44d302048ab429d","name":"Bruna Querino","image":{"@type":"ImageObject","inLanguage":"pt-BR","@id":"https:\/\/www.oncovitta.com.br\/#\/schema\/person\/image\/","url":"https:\/\/secure.gravatar.com\/avatar\/ef90e1f1740d0ba9acf36b86f2852e79?s=96&d=mm&r=g","contentUrl":"https:\/\/secure.gravatar.com\/avatar\/ef90e1f1740d0ba9acf36b86f2852e79?s=96&d=mm&r=g","caption":"Bruna Querino"},"url":"https:\/\/oncovitta.com.br\/index.php\/author\/brunaquerino\/"}]}},"_links":{"self":[{"href":"https:\/\/oncovitta.com.br\/index.php\/wp-json\/wp\/v2\/posts\/1137"}],"collection":[{"href":"https:\/\/oncovitta.com.br\/index.php\/wp-json\/wp\/v2\/posts"}],"about":[{"href":"https:\/\/oncovitta.com.br\/index.php\/wp-json\/wp\/v2\/types\/post"}],"author":[{"embeddable":true,"href":"https:\/\/oncovitta.com.br\/index.php\/wp-json\/wp\/v2\/users\/4"}],"replies":[{"embeddable":true,"href":"https:\/\/oncovitta.com.br\/index.php\/wp-json\/wp\/v2\/comments?post=1137"}],"version-history":[{"count":3,"href":"https:\/\/oncovitta.com.br\/index.php\/wp-json\/wp\/v2\/posts\/1137\/revisions"}],"predecessor-version":[{"id":1150,"href":"https:\/\/oncovitta.com.br\/index.php\/wp-json\/wp\/v2\/posts\/1137\/revisions\/1150"}],"wp:featuredmedia":[{"embeddable":true,"href":"https:\/\/oncovitta.com.br\/index.php\/wp-json\/wp\/v2\/media\/1138"}],"wp:attachment":[{"href":"https:\/\/oncovitta.com.br\/index.php\/wp-json\/wp\/v2\/media?parent=1137"}],"wp:term":[{"taxonomy":"category","embeddable":true,"href":"https:\/\/oncovitta.com.br\/index.php\/wp-json\/wp\/v2\/categories?post=1137"},{"taxonomy":"post_tag","embeddable":true,"href":"https:\/\/oncovitta.com.br\/index.php\/wp-json\/wp\/v2\/tags?post=1137"}],"curies":[{"name":"wp","href":"https:\/\/api.w.org\/{rel}","templated":true}]}}