{"id":1188,"date":"2024-12-21T14:51:00","date_gmt":"2024-12-21T14:51:00","guid":{"rendered":"https:\/?p=1188"},"modified":"2025-01-03T20:43:23","modified_gmt":"2025-01-03T20:43:23","slug":"conscientizacao-e-prevencao-dezembro-laranja-na-oncovitta","status":"publish","type":"post","link":"https:\/\/oncovitta.com.br\/index.php\/2024\/12\/21\/conscientizacao-e-prevencao-dezembro-laranja-na-oncovitta\/","title":{"rendered":"Conscientiza\u00e7\u00e3o e preven\u00e7\u00e3o: Dezembro Laranja na Oncovitta"},"content":{"rendered":"\n<figure class=\"wp-block-image size-large\"><img fetchpriority=\"high\" decoding=\"async\" width=\"1024\" height=\"682\" src=\"\/\/\/wp-content\/uploads\/2024\/12\/portrait-adult-woman-applying-lotion-sunburn-skin-1024x682.jpg\" alt=\"\" class=\"wp-image-1189\" srcset=\"https:\/\/oncovitta.com.br\/wp-content\/uploads\/2024\/12\/portrait-adult-woman-applying-lotion-sunburn-skin-1024x682.jpg 1024w, https:\/\/oncovitta.com.br\/wp-content\/uploads\/2024\/12\/portrait-adult-woman-applying-lotion-sunburn-skin-300x200.jpg 300w, https:\/\/oncovitta.com.br\/wp-content\/uploads\/2024\/12\/portrait-adult-woman-applying-lotion-sunburn-skin-768x512.jpg 768w, https:\/\/oncovitta.com.br\/wp-content\/uploads\/2024\/12\/portrait-adult-woman-applying-lotion-sunburn-skin-1536x1024.jpg 1536w, https:\/\/oncovitta.com.br\/wp-content\/uploads\/2024\/12\/portrait-adult-woman-applying-lotion-sunburn-skin.jpg 2000w\" sizes=\"(max-width: 1024px) 100vw, 1024px\" \/><\/figure>\n\n\n\n<p>O Dezembro Laranja \u00e9 o m\u00eas da conscientiza\u00e7\u00e3o sobre a sa\u00fade da pele, uma campanha que refor\u00e7a a import\u00e2ncia de adotar medidas simples para proteger um dos maiores \u00f3rg\u00e3os do corpo. A exposi\u00e7\u00e3o excessiva ao sol pode trazer preju\u00edzos \u00e0 pele, e, por isso, o cuidado preventivo \u00e9 essencial.<\/p>\n\n\n\n<h4 class=\"wp-block-heading\">Por que proteger a pele \u00e9 t\u00e3o importante?<\/h4>\n\n\n\n<p>A pele \u00e9 a primeira barreira do corpo contra agentes externos, e mant\u00ea-la saud\u00e1vel reflete diretamente no bem-estar geral. A exposi\u00e7\u00e3o solar, sem prote\u00e7\u00e3o adequada, pode causar desde queimaduras at\u00e9 o envelhecimento precoce. Al\u00e9m disso, manchas e outros sinais podem surgir como um alerta para procurar avalia\u00e7\u00e3o profissional.<\/p>\n\n\n\n<h4 class=\"wp-block-heading\">Cuidados b\u00e1sicos que fazem a diferen\u00e7a<\/h4>\n\n\n\n<ul>\n<li><strong>Use protetor solar diariamente:<\/strong> Mesmo em dias nublados ou durante atividades rotineiras, o uso de protetor solar \u00e9 indispens\u00e1vel. Reaplique a cada duas horas para garantir a prote\u00e7\u00e3o.<\/li>\n\n\n\n<li><strong>Evite o sol nos hor\u00e1rios de pico:<\/strong> Entre 10h e 16h, os raios solares est\u00e3o mais intensos. Priorize atividades ao ar livre em hor\u00e1rios mais seguros.<\/li>\n\n\n\n<li><strong>Invista em acess\u00f3rios de prote\u00e7\u00e3o:<\/strong> Chap\u00e9us, bon\u00e9s e \u00f3culos escuros ajudam a evitar a exposi\u00e7\u00e3o direta ao rosto e olhos.<\/li>\n\n\n\n<li><strong>Fique atento aos sinais da pele:<\/strong> Manchas, pintas que mudam de cor ou textura e feridas que n\u00e3o cicatrizam merecem aten\u00e7\u00e3o e uma consulta com um especialista.<\/li>\n<\/ul>\n\n\n\n<h4 class=\"wp-block-heading\">A import\u00e2ncia da consulta regular<\/h4>\n\n\n\n<p>Na Oncovitta, nossa equipe multidisciplinar est\u00e1 sempre preparada para oferecer um atendimento completo e humanizado. Consultas regulares com um dermatologista permitem identificar altera\u00e7\u00f5es precocemente e promover a sa\u00fade da pele de forma eficiente.<\/p>\n","protected":false},"excerpt":{"rendered":"<p>O Dezembro Laranja \u00e9 o m\u00eas da conscientiza\u00e7\u00e3o sobre a sa\u00fade da pele, uma campanha que refor\u00e7a a import\u00e2ncia de adotar medidas simples para proteger um dos maiores \u00f3rg\u00e3os do corpo. A exposi\u00e7\u00e3o excessiva ao sol pode trazer preju\u00edzos \u00e0 pele, e, por isso, o cuidado preventivo \u00e9 essencial.<\/p>\n","protected":false},"author":4,"featured_media":1189,"comment_status":"open","ping_status":"open","sticky":false,"template":"","format":"standard","meta":{"footnotes":""},"categories":[1],"tags":[7,10,13],"yoast_head":"<!-- This site is optimized with the Yoast SEO plugin v24.4 - https:\/\/yoast.com\/wordpress\/plugins\/seo\/ -->\n<title>Conscientiza\u00e7\u00e3o e preven\u00e7\u00e3o: Dezembro Laranja na Oncovitta - Oncovitta<\/title>\n<meta name=\"robots\" content=\"index, follow, max-snippet:-1, max-image-preview:large, max-video-preview:-1\" \/>\n<link rel=\"canonical\" href=\"https:\/\/oncovitta.com.br\/index.php\/2024\/12\/21\/conscientizacao-e-prevencao-dezembro-laranja-na-oncovitta\/\" \/>\n<meta property=\"og:locale\" content=\"pt_BR\" \/>\n<meta property=\"og:type\" content=\"article\" \/>\n<meta property=\"og:title\" content=\"Conscientiza\u00e7\u00e3o e preven\u00e7\u00e3o: Dezembro Laranja na Oncovitta - Oncovitta\" \/>\n<meta property=\"og:description\" content=\"O Dezembro Laranja \u00e9 o m\u00eas da conscientiza\u00e7\u00e3o sobre a sa\u00fade da pele, uma campanha que refor\u00e7a a import\u00e2ncia de adotar medidas simples para proteger um dos maiores \u00f3rg\u00e3os do corpo. A exposi\u00e7\u00e3o excessiva ao sol pode trazer preju\u00edzos \u00e0 pele, e, por isso, o cuidado preventivo \u00e9 essencial.\" \/>\n<meta property=\"og:url\" content=\"https:\/\/oncovitta.com.br\/index.php\/2024\/12\/21\/conscientizacao-e-prevencao-dezembro-laranja-na-oncovitta\/\" \/>\n<meta property=\"og:site_name\" content=\"Oncovitta\" \/>\n<meta property=\"article:published_time\" content=\"2024-12-21T14:51:00+00:00\" \/>\n<meta property=\"article:modified_time\" content=\"2025-01-03T20:43:23+00:00\" \/>\n<meta property=\"og:image\" content=\"https:\/\/oncovitta.com.br\/wp-content\/uploads\/2024\/12\/portrait-adult-woman-applying-lotion-sunburn-skin.jpg\" \/>\n\t<meta property=\"og:image:width\" content=\"2000\" \/>\n\t<meta property=\"og:image:height\" content=\"1333\" \/>\n\t<meta property=\"og:image:type\" content=\"image\/jpeg\" \/>\n<meta name=\"author\" content=\"Bruna Querino\" \/>\n<meta name=\"twitter:card\" content=\"summary_large_image\" \/>\n<meta name=\"twitter:label1\" content=\"Escrito por\" \/>\n\t<meta name=\"twitter:data1\" content=\"Bruna Querino\" \/>\n\t<meta name=\"twitter:label2\" content=\"Est. tempo de leitura\" \/>\n\t<meta name=\"twitter:data2\" content=\"2 minutos\" \/>\n<script type=\"application\/ld+json\" class=\"yoast-schema-graph\">{\"@context\":\"https:\/\/schema.org\",\"@graph\":[{\"@type\":\"WebPage\",\"@id\":\"https:\/\/oncovitta.com.br\/index.php\/2024\/12\/21\/conscientizacao-e-prevencao-dezembro-laranja-na-oncovitta\/\",\"url\":\"https:\/\/oncovitta.com.br\/index.php\/2024\/12\/21\/conscientizacao-e-prevencao-dezembro-laranja-na-oncovitta\/\",\"name\":\"Conscientiza\u00e7\u00e3o e preven\u00e7\u00e3o: Dezembro Laranja na Oncovitta - Oncovitta\",\"isPartOf\":{\"@id\":\"https:\/\/www.oncovitta.com.br\/#website\"},\"primaryImageOfPage\":{\"@id\":\"https:\/\/oncovitta.com.br\/index.php\/2024\/12\/21\/conscientizacao-e-prevencao-dezembro-laranja-na-oncovitta\/#primaryimage\"},\"image\":{\"@id\":\"https:\/\/oncovitta.com.br\/index.php\/2024\/12\/21\/conscientizacao-e-prevencao-dezembro-laranja-na-oncovitta\/#primaryimage\"},\"thumbnailUrl\":\"https:\/\/oncovitta.com.br\/wp-content\/uploads\/2024\/12\/portrait-adult-woman-applying-lotion-sunburn-skin.jpg\",\"datePublished\":\"2024-12-21T14:51:00+00:00\",\"dateModified\":\"2025-01-03T20:43:23+00:00\",\"author\":{\"@id\":\"https:\/\/www.oncovitta.com.br\/#\/schema\/person\/0f12b1ab7c8bddd1a44d302048ab429d\"},\"breadcrumb\":{\"@id\":\"https:\/\/oncovitta.com.br\/index.php\/2024\/12\/21\/conscientizacao-e-prevencao-dezembro-laranja-na-oncovitta\/#breadcrumb\"},\"inLanguage\":\"pt-BR\",\"potentialAction\":[{\"@type\":\"ReadAction\",\"target\":[\"https:\/\/oncovitta.com.br\/index.php\/2024\/12\/21\/conscientizacao-e-prevencao-dezembro-laranja-na-oncovitta\/\"]}]},{\"@type\":\"ImageObject\",\"inLanguage\":\"pt-BR\",\"@id\":\"https:\/\/oncovitta.com.br\/index.php\/2024\/12\/21\/conscientizacao-e-prevencao-dezembro-laranja-na-oncovitta\/#primaryimage\",\"url\":\"https:\/\/oncovitta.com.br\/wp-content\/uploads\/2024\/12\/portrait-adult-woman-applying-lotion-sunburn-skin.jpg\",\"contentUrl\":\"https:\/\/oncovitta.com.br\/wp-content\/uploads\/2024\/12\/portrait-adult-woman-applying-lotion-sunburn-skin.jpg\",\"width\":2000,\"height\":1333},{\"@type\":\"BreadcrumbList\",\"@id\":\"https:\/\/oncovitta.com.br\/index.php\/2024\/12\/21\/conscientizacao-e-prevencao-dezembro-laranja-na-oncovitta\/#breadcrumb\",\"itemListElement\":[{\"@type\":\"ListItem\",\"position\":1,\"name\":\"In\u00edcio\",\"item\":\"https:\/\/www.oncovitta.com.br\/\"},{\"@type\":\"ListItem\",\"position\":2,\"name\":\"Conscientiza\u00e7\u00e3o e preven\u00e7\u00e3o: Dezembro Laranja na Oncovitta\"}]},{\"@type\":\"WebSite\",\"@id\":\"https:\/\/www.oncovitta.com.br\/#website\",\"url\":\"https:\/\/www.oncovitta.com.br\/\",\"name\":\"Oncovitta\",\"description\":\"\",\"potentialAction\":[{\"@type\":\"SearchAction\",\"target\":{\"@type\":\"EntryPoint\",\"urlTemplate\":\"https:\/\/www.oncovitta.com.br\/?s={search_term_string}\"},\"query-input\":{\"@type\":\"PropertyValueSpecification\",\"valueRequired\":true,\"valueName\":\"search_term_string\"}}],\"inLanguage\":\"pt-BR\"},{\"@type\":\"Person\",\"@id\":\"https:\/\/www.oncovitta.com.br\/#\/schema\/person\/0f12b1ab7c8bddd1a44d302048ab429d\",\"name\":\"Bruna Querino\",\"image\":{\"@type\":\"ImageObject\",\"inLanguage\":\"pt-BR\",\"@id\":\"https:\/\/www.oncovitta.com.br\/#\/schema\/person\/image\/\",\"url\":\"https:\/\/secure.gravatar.com\/avatar\/ef90e1f1740d0ba9acf36b86f2852e79?s=96&d=mm&r=g\",\"contentUrl\":\"https:\/\/secure.gravatar.com\/avatar\/ef90e1f1740d0ba9acf36b86f2852e79?s=96&d=mm&r=g\",\"caption\":\"Bruna Querino\"},\"url\":\"https:\/\/oncovitta.com.br\/index.php\/author\/brunaquerino\/\"}]}<\/script>\n<!-- \/ Yoast SEO plugin. -->","yoast_head_json":{"title":"Conscientiza\u00e7\u00e3o e preven\u00e7\u00e3o: Dezembro Laranja na Oncovitta - Oncovitta","robots":{"index":"index","follow":"follow","max-snippet":"max-snippet:-1","max-image-preview":"max-image-preview:large","max-video-preview":"max-video-preview:-1"},"canonical":"https:\/\/oncovitta.com.br\/index.php\/2024\/12\/21\/conscientizacao-e-prevencao-dezembro-laranja-na-oncovitta\/","og_locale":"pt_BR","og_type":"article","og_title":"Conscientiza\u00e7\u00e3o e preven\u00e7\u00e3o: Dezembro Laranja na Oncovitta - Oncovitta","og_description":"O Dezembro Laranja \u00e9 o m\u00eas da conscientiza\u00e7\u00e3o sobre a sa\u00fade da pele, uma campanha que refor\u00e7a a import\u00e2ncia de adotar medidas simples para proteger um dos maiores \u00f3rg\u00e3os do corpo. A exposi\u00e7\u00e3o excessiva ao sol pode trazer preju\u00edzos \u00e0 pele, e, por isso, o cuidado preventivo \u00e9 essencial.","og_url":"https:\/\/oncovitta.com.br\/index.php\/2024\/12\/21\/conscientizacao-e-prevencao-dezembro-laranja-na-oncovitta\/","og_site_name":"Oncovitta","article_published_time":"2024-12-21T14:51:00+00:00","article_modified_time":"2025-01-03T20:43:23+00:00","og_image":[{"width":2000,"height":1333,"url":"https:\/\/oncovitta.com.br\/wp-content\/uploads\/2024\/12\/portrait-adult-woman-applying-lotion-sunburn-skin.jpg","type":"image\/jpeg"}],"author":"Bruna Querino","twitter_card":"summary_large_image","twitter_misc":{"Escrito por":"Bruna Querino","Est. tempo de leitura":"2 minutos"},"schema":{"@context":"https:\/\/schema.org","@graph":[{"@type":"WebPage","@id":"https:\/\/oncovitta.com.br\/index.php\/2024\/12\/21\/conscientizacao-e-prevencao-dezembro-laranja-na-oncovitta\/","url":"https:\/\/oncovitta.com.br\/index.php\/2024\/12\/21\/conscientizacao-e-prevencao-dezembro-laranja-na-oncovitta\/","name":"Conscientiza\u00e7\u00e3o e preven\u00e7\u00e3o: Dezembro Laranja na Oncovitta - Oncovitta","isPartOf":{"@id":"https:\/\/www.oncovitta.com.br\/#website"},"primaryImageOfPage":{"@id":"https:\/\/oncovitta.com.br\/index.php\/2024\/12\/21\/conscientizacao-e-prevencao-dezembro-laranja-na-oncovitta\/#primaryimage"},"image":{"@id":"https:\/\/oncovitta.com.br\/index.php\/2024\/12\/21\/conscientizacao-e-prevencao-dezembro-laranja-na-oncovitta\/#primaryimage"},"thumbnailUrl":"https:\/\/oncovitta.com.br\/wp-content\/uploads\/2024\/12\/portrait-adult-woman-applying-lotion-sunburn-skin.jpg","datePublished":"2024-12-21T14:51:00+00:00","dateModified":"2025-01-03T20:43:23+00:00","author":{"@id":"https:\/\/www.oncovitta.com.br\/#\/schema\/person\/0f12b1ab7c8bddd1a44d302048ab429d"},"breadcrumb":{"@id":"https:\/\/oncovitta.com.br\/index.php\/2024\/12\/21\/conscientizacao-e-prevencao-dezembro-laranja-na-oncovitta\/#breadcrumb"},"inLanguage":"pt-BR","potentialAction":[{"@type":"ReadAction","target":["https:\/\/oncovitta.com.br\/index.php\/2024\/12\/21\/conscientizacao-e-prevencao-dezembro-laranja-na-oncovitta\/"]}]},{"@type":"ImageObject","inLanguage":"pt-BR","@id":"https:\/\/oncovitta.com.br\/index.php\/2024\/12\/21\/conscientizacao-e-prevencao-dezembro-laranja-na-oncovitta\/#primaryimage","url":"https:\/\/oncovitta.com.br\/wp-content\/uploads\/2024\/12\/portrait-adult-woman-applying-lotion-sunburn-skin.jpg","contentUrl":"https:\/\/oncovitta.com.br\/wp-content\/uploads\/2024\/12\/portrait-adult-woman-applying-lotion-sunburn-skin.jpg","width":2000,"height":1333},{"@type":"BreadcrumbList","@id":"https:\/\/oncovitta.com.br\/index.php\/2024\/12\/21\/conscientizacao-e-prevencao-dezembro-laranja-na-oncovitta\/#breadcrumb","itemListElement":[{"@type":"ListItem","position":1,"name":"In\u00edcio","item":"https:\/\/www.oncovitta.com.br\/"},{"@type":"ListItem","position":2,"name":"Conscientiza\u00e7\u00e3o e preven\u00e7\u00e3o: Dezembro Laranja na Oncovitta"}]},{"@type":"WebSite","@id":"https:\/\/www.oncovitta.com.br\/#website","url":"https:\/\/www.oncovitta.com.br\/","name":"Oncovitta","description":"","potentialAction":[{"@type":"SearchAction","target":{"@type":"EntryPoint","urlTemplate":"https:\/\/www.oncovitta.com.br\/?s={search_term_string}"},"query-input":{"@type":"PropertyValueSpecification","valueRequired":true,"valueName":"search_term_string"}}],"inLanguage":"pt-BR"},{"@type":"Person","@id":"https:\/\/www.oncovitta.com.br\/#\/schema\/person\/0f12b1ab7c8bddd1a44d302048ab429d","name":"Bruna Querino","image":{"@type":"ImageObject","inLanguage":"pt-BR","@id":"https:\/\/www.oncovitta.com.br\/#\/schema\/person\/image\/","url":"https:\/\/secure.gravatar.com\/avatar\/ef90e1f1740d0ba9acf36b86f2852e79?s=96&d=mm&r=g","contentUrl":"https:\/\/secure.gravatar.com\/avatar\/ef90e1f1740d0ba9acf36b86f2852e79?s=96&d=mm&r=g","caption":"Bruna Querino"},"url":"https:\/\/oncovitta.com.br\/index.php\/author\/brunaquerino\/"}]}},"_links":{"self":[{"href":"https:\/\/oncovitta.com.br\/index.php\/wp-json\/wp\/v2\/posts\/1188"}],"collection":[{"href":"https:\/\/oncovitta.com.br\/index.php\/wp-json\/wp\/v2\/posts"}],"about":[{"href":"https:\/\/oncovitta.com.br\/index.php\/wp-json\/wp\/v2\/types\/post"}],"author":[{"embeddable":true,"href":"https:\/\/oncovitta.com.br\/index.php\/wp-json\/wp\/v2\/users\/4"}],"replies":[{"embeddable":true,"href":"https:\/\/oncovitta.com.br\/index.php\/wp-json\/wp\/v2\/comments?post=1188"}],"version-history":[{"count":3,"href":"https:\/\/oncovitta.com.br\/index.php\/wp-json\/wp\/v2\/posts\/1188\/revisions"}],"predecessor-version":[{"id":1192,"href":"https:\/\/oncovitta.com.br\/index.php\/wp-json\/wp\/v2\/posts\/1188\/revisions\/1192"}],"wp:featuredmedia":[{"embeddable":true,"href":"https:\/\/oncovitta.com.br\/index.php\/wp-json\/wp\/v2\/media\/1189"}],"wp:attachment":[{"href":"https:\/\/oncovitta.com.br\/index.php\/wp-json\/wp\/v2\/media?parent=1188"}],"wp:term":[{"taxonomy":"category","embeddable":true,"href":"https:\/\/oncovitta.com.br\/index.php\/wp-json\/wp\/v2\/categories?post=1188"},{"taxonomy":"post_tag","embeddable":true,"href":"https:\/\/oncovitta.com.br\/index.php\/wp-json\/wp\/v2\/tags?post=1188"}],"curies":[{"name":"wp","href":"https:\/\/api.w.org\/{rel}","templated":true}]}}