{"id":656,"date":"2023-10-17T14:57:01","date_gmt":"2023-10-17T14:57:01","guid":{"rendered":"https:\/?p=656"},"modified":"2023-10-17T14:57:01","modified_gmt":"2023-10-17T14:57:01","slug":"prevencao-e-vida-oncovitta-reforca-importancia-do-outubro-rosa","status":"publish","type":"post","link":"https:\/\/oncovitta.com.br\/index.php\/2023\/10\/17\/prevencao-e-vida-oncovitta-reforca-importancia-do-outubro-rosa\/","title":{"rendered":"Preven\u00e7\u00e3o \u00e9 vida! OncoVitta refor\u00e7a import\u00e2ncia do Outubro Rosa"},"content":{"rendered":"\n<figure class=\"wp-block-image size-large\"><img fetchpriority=\"high\" decoding=\"async\" width=\"1024\" height=\"681\" src=\"\/\/\/wp-content\/uploads\/2023\/10\/gsdfrads-1024x681.png\" alt=\"\" class=\"wp-image-657\" srcset=\"https:\/\/oncovitta.com.br\/wp-content\/uploads\/2023\/10\/gsdfrads-1024x681.png 1024w, https:\/\/oncovitta.com.br\/wp-content\/uploads\/2023\/10\/gsdfrads-300x199.png 300w, https:\/\/oncovitta.com.br\/wp-content\/uploads\/2023\/10\/gsdfrads-768x511.png 768w, https:\/\/oncovitta.com.br\/wp-content\/uploads\/2023\/10\/gsdfrads.png 1080w\" sizes=\"(max-width: 1024px) 100vw, 1024px\" \/><\/figure>\n\n\n\n<p><\/p>\n\n\n\n<p>&#8220;Informar para proteger. Cuidar para viver.&#8221; Esse \u00e9 o lema da Campanha do Outubro Rosa 2023, que visa compartilhar informa\u00e7\u00f5es e promover a conscientiza\u00e7\u00e3o sobre o c\u00e2ncer de mama. Conversamos com o Dr. Fabricio Colacino, m\u00e9dico especializado no tratamento oncol\u00f3gico da OncoVitta, que enfatiza a import\u00e2ncia da detec\u00e7\u00e3o precoce desta doen\u00e7a para garantir um tratamento eficaz.<\/p>\n\n\n\n<p>A campanha, que come\u00e7ou na d\u00e9cada de 1990, concentra-se na conscientiza\u00e7\u00e3o da preven\u00e7\u00e3o e no acesso aos servi\u00e7os de diagn\u00f3stico e tratamento para reduzir as altas taxas de mortalidade associadas ao c\u00e2ncer de mama.<\/p>\n\n\n\n<p>A detec\u00e7\u00e3o precoce \u00e9 crucial, visto que um em cada tr\u00eas casos de c\u00e2ncer pode ser curado quando diagnosticado em est\u00e1gios iniciais, incluindo o c\u00e2ncer de mama, que muitas vezes apresenta sinais em suas fases iniciais. No entanto, as taxas de mortalidade permanecem elevadas em todo o mundo, com o Instituto Nacional do C\u00e2ncer (INCA) estimando mais de 73 mil novos casos e cerca de 18 mil mortes devido a essa doen\u00e7a em 2023, tornando-a a principal causa de morte entre as mulheres.<\/p>\n\n\n\n<p>O Dr. Fabricio destaca que \u00e9 fundamental que as mulheres conhe\u00e7am seus corpos, observem qualquer altera\u00e7\u00e3o e compreendam a import\u00e2ncia da mamografia e do acompanhamento m\u00e9dico regular. O c\u00e2ncer de mama \u00e9 uma doen\u00e7a resultante do crescimento anormal de c\u00e9lulas, que, quando detectado precocemente, permite um tratamento mais eficaz.<\/p>\n\n\n\n<p>Fatores de risco para o c\u00e2ncer de mama incluem obesidade, sedentarismo, consumo excessivo de \u00e1lcool, exposi\u00e7\u00e3o frequente a radia\u00e7\u00f5es ionizantes, entre outros. No entanto, a presen\u00e7a de um ou mais desses fatores n\u00e3o garante que a mulher desenvolver\u00e1 a doen\u00e7a.<br>O acompanhamento m\u00e9dico e a ado\u00e7\u00e3o de um estilo de vida saud\u00e1vel, incluindo manter o peso corporal adequado, praticar atividades f\u00edsicas e evitar o consumo de bebidas alco\u00f3licas, s\u00e3o essenciais para a preven\u00e7\u00e3o.<\/p>\n\n\n\n<p>Sinais de alerta para o c\u00e2ncer de mama incluem caro\u00e7os endurecidos, altera\u00e7\u00f5es no mamilo, n\u00f3dulos nas axilas, sa\u00edda de l\u00edquido pelo mamilo e mudan\u00e7as na pele da mama. O Dr. Fabricio Colacino enfatiza que qualquer caro\u00e7o na mama, especialmente em mulheres com mais de 50 anos, deve ser investigado, e que as mulheres mais jovens tamb\u00e9m devem procurar avalia\u00e7\u00e3o m\u00e9dica se notarem altera\u00e7\u00f5es persistentes em suas mamas.<\/p>\n\n\n\n<p>Lembre-se, a conscientiza\u00e7\u00e3o \u00e9 a chave para a preven\u00e7\u00e3o. Fabricio e a equipe OncoVitta est\u00e3o sempre a disposi\u00e7\u00e3o para oferecer apoio, informa\u00e7\u00e3o e tratamento de qualidade a todas as mulheres que enfrentam essa jornada.<\/p>\n","protected":false},"excerpt":{"rendered":"<p>&#8220;Informar para proteger. Cuidar para viver.&#8221; Esse \u00e9 o lema da Campanha do Outubro Rosa 2023, que visa compartilhar informa\u00e7\u00f5es e promover a conscientiza\u00e7\u00e3o sobre o c\u00e2ncer de mama. Conversamos com o Dr. Fabricio Colacino, m\u00e9dico especializado no tratamento oncol\u00f3gico da OncoVitta, que enfatiza a import\u00e2ncia da detec\u00e7\u00e3o precoce desta doen\u00e7a para garantir um tratamento eficaz. A campanha, que come\u00e7ou na d\u00e9cada de 1990, concentra-se na conscientiza\u00e7\u00e3o da preven\u00e7\u00e3o e no acesso aos servi\u00e7os de diagn\u00f3stico e tratamento para reduzir as altas taxas de mortalidade associadas ao c\u00e2ncer de mama. A detec\u00e7\u00e3o precoce \u00e9 crucial, visto que um em cada tr\u00eas casos de c\u00e2ncer pode ser curado quando diagnosticado em est\u00e1gios iniciais, incluindo o c\u00e2ncer de mama, que muitas vezes apresenta sinais em suas fases iniciais. No entanto, as taxas de mortalidade permanecem elevadas em todo o mundo, com o Instituto Nacional do C\u00e2ncer (INCA) estimando mais de 73 mil novos casos e cerca de 18 mil mortes devido a essa doen\u00e7a em 2023, tornando-a a principal causa de morte entre as mulheres. O Dr. Fabricio destaca que \u00e9 fundamental que as mulheres conhe\u00e7am seus corpos, observem qualquer altera\u00e7\u00e3o e compreendam a import\u00e2ncia da mamografia e do acompanhamento m\u00e9dico regular. O c\u00e2ncer de mama \u00e9 uma doen\u00e7a resultante do crescimento anormal de c\u00e9lulas, que, quando detectado precocemente, permite um tratamento mais eficaz. Fatores de risco para o c\u00e2ncer de mama incluem obesidade, sedentarismo, consumo excessivo de \u00e1lcool, exposi\u00e7\u00e3o frequente a radia\u00e7\u00f5es ionizantes, entre outros. No entanto, a presen\u00e7a de um ou mais desses fatores n\u00e3o garante que a mulher desenvolver\u00e1 a doen\u00e7a.O acompanhamento m\u00e9dico e a ado\u00e7\u00e3o de um estilo de vida saud\u00e1vel, incluindo manter o peso corporal adequado, praticar atividades f\u00edsicas e evitar o consumo de bebidas alco\u00f3licas, s\u00e3o essenciais para a preven\u00e7\u00e3o. Sinais de alerta para o c\u00e2ncer de mama incluem caro\u00e7os endurecidos, altera\u00e7\u00f5es no mamilo, n\u00f3dulos nas axilas, sa\u00edda de l\u00edquido pelo mamilo e mudan\u00e7as na pele da mama. O Dr. Fabricio Colacino enfatiza que qualquer caro\u00e7o na mama, especialmente em mulheres com mais de 50 anos, deve ser investigado, e que as mulheres mais jovens tamb\u00e9m devem procurar avalia\u00e7\u00e3o m\u00e9dica se notarem altera\u00e7\u00f5es persistentes em suas mamas. Lembre-se, a conscientiza\u00e7\u00e3o \u00e9 a chave para a preven\u00e7\u00e3o. Fabricio e a equipe OncoVitta est\u00e3o sempre a disposi\u00e7\u00e3o para oferecer apoio, informa\u00e7\u00e3o e tratamento de qualidade a todas as mulheres que enfrentam essa jornada.<\/p>\n","protected":false},"author":3,"featured_media":658,"comment_status":"open","ping_status":"open","sticky":false,"template":"","format":"standard","meta":{"footnotes":""},"categories":[1],"tags":[],"yoast_head":"<!-- This site is optimized with the Yoast SEO plugin v24.4 - https:\/\/yoast.com\/wordpress\/plugins\/seo\/ -->\n<title>Preven\u00e7\u00e3o \u00e9 vida! OncoVitta refor\u00e7a import\u00e2ncia do Outubro Rosa - Oncovitta<\/title>\n<meta name=\"robots\" content=\"index, follow, max-snippet:-1, max-image-preview:large, max-video-preview:-1\" \/>\n<link rel=\"canonical\" href=\"https:\/\/www.oncovitta.com.br\/index.php\/2023\/10\/17\/prevencao-e-vida-oncovitta-reforca-importancia-do-outubro-rosa\/\" \/>\n<meta property=\"og:locale\" content=\"pt_BR\" \/>\n<meta property=\"og:type\" content=\"article\" \/>\n<meta property=\"og:title\" content=\"Preven\u00e7\u00e3o \u00e9 vida! OncoVitta refor\u00e7a import\u00e2ncia do Outubro Rosa - Oncovitta\" \/>\n<meta property=\"og:description\" content=\"&#8220;Informar para proteger. Cuidar para viver.&#8221; Esse \u00e9 o lema da Campanha do Outubro Rosa 2023, que visa compartilhar informa\u00e7\u00f5es e promover a conscientiza\u00e7\u00e3o sobre o c\u00e2ncer de mama. Conversamos com o Dr. Fabricio Colacino, m\u00e9dico especializado no tratamento oncol\u00f3gico da OncoVitta, que enfatiza a import\u00e2ncia da detec\u00e7\u00e3o precoce desta doen\u00e7a para garantir um tratamento eficaz. A campanha, que come\u00e7ou na d\u00e9cada de 1990, concentra-se na conscientiza\u00e7\u00e3o da preven\u00e7\u00e3o e no acesso aos servi\u00e7os de diagn\u00f3stico e tratamento para reduzir as altas taxas de mortalidade associadas ao c\u00e2ncer de mama. A detec\u00e7\u00e3o precoce \u00e9 crucial, visto que um em cada tr\u00eas casos de c\u00e2ncer pode ser curado quando diagnosticado em est\u00e1gios iniciais, incluindo o c\u00e2ncer de mama, que muitas vezes apresenta sinais em suas fases iniciais. No entanto, as taxas de mortalidade permanecem elevadas em todo o mundo, com o Instituto Nacional do C\u00e2ncer (INCA) estimando mais de 73 mil novos casos e cerca de 18 mil mortes devido a essa doen\u00e7a em 2023, tornando-a a principal causa de morte entre as mulheres. O Dr. Fabricio destaca que \u00e9 fundamental que as mulheres conhe\u00e7am seus corpos, observem qualquer altera\u00e7\u00e3o e compreendam a import\u00e2ncia da mamografia e do acompanhamento m\u00e9dico regular. O c\u00e2ncer de mama \u00e9 uma doen\u00e7a resultante do crescimento anormal de c\u00e9lulas, que, quando detectado precocemente, permite um tratamento mais eficaz. Fatores de risco para o c\u00e2ncer de mama incluem obesidade, sedentarismo, consumo excessivo de \u00e1lcool, exposi\u00e7\u00e3o frequente a radia\u00e7\u00f5es ionizantes, entre outros. No entanto, a presen\u00e7a de um ou mais desses fatores n\u00e3o garante que a mulher desenvolver\u00e1 a doen\u00e7a.O acompanhamento m\u00e9dico e a ado\u00e7\u00e3o de um estilo de vida saud\u00e1vel, incluindo manter o peso corporal adequado, praticar atividades f\u00edsicas e evitar o consumo de bebidas alco\u00f3licas, s\u00e3o essenciais para a preven\u00e7\u00e3o. Sinais de alerta para o c\u00e2ncer de mama incluem caro\u00e7os endurecidos, altera\u00e7\u00f5es no mamilo, n\u00f3dulos nas axilas, sa\u00edda de l\u00edquido pelo mamilo e mudan\u00e7as na pele da mama. O Dr. Fabricio Colacino enfatiza que qualquer caro\u00e7o na mama, especialmente em mulheres com mais de 50 anos, deve ser investigado, e que as mulheres mais jovens tamb\u00e9m devem procurar avalia\u00e7\u00e3o m\u00e9dica se notarem altera\u00e7\u00f5es persistentes em suas mamas. Lembre-se, a conscientiza\u00e7\u00e3o \u00e9 a chave para a preven\u00e7\u00e3o. Fabricio e a equipe OncoVitta est\u00e3o sempre a disposi\u00e7\u00e3o para oferecer apoio, informa\u00e7\u00e3o e tratamento de qualidade a todas as mulheres que enfrentam essa jornada.\" \/>\n<meta property=\"og:url\" content=\"https:\/\/www.oncovitta.com.br\/index.php\/2023\/10\/17\/prevencao-e-vida-oncovitta-reforca-importancia-do-outubro-rosa\/\" \/>\n<meta property=\"og:site_name\" content=\"Oncovitta\" \/>\n<meta property=\"article:published_time\" content=\"2023-10-17T14:57:01+00:00\" \/>\n<meta property=\"og:image\" content=\"https:\/\/www.oncovitta.com.br\/wp-content\/uploads\/2023\/10\/Design-sem-nome-22.png\" \/>\n\t<meta property=\"og:image:width\" content=\"1080\" \/>\n\t<meta property=\"og:image:height\" content=\"1080\" \/>\n\t<meta property=\"og:image:type\" content=\"image\/png\" \/>\n<meta name=\"author\" content=\"hudson\" \/>\n<meta name=\"twitter:card\" content=\"summary_large_image\" \/>\n<meta name=\"twitter:label1\" content=\"Escrito por\" \/>\n\t<meta name=\"twitter:data1\" content=\"hudson\" \/>\n\t<meta name=\"twitter:label2\" content=\"Est. tempo de leitura\" \/>\n\t<meta name=\"twitter:data2\" content=\"3 minutos\" \/>\n<script type=\"application\/ld+json\" class=\"yoast-schema-graph\">{\"@context\":\"https:\/\/schema.org\",\"@graph\":[{\"@type\":\"WebPage\",\"@id\":\"https:\/\/www.oncovitta.com.br\/index.php\/2023\/10\/17\/prevencao-e-vida-oncovitta-reforca-importancia-do-outubro-rosa\/\",\"url\":\"https:\/\/www.oncovitta.com.br\/index.php\/2023\/10\/17\/prevencao-e-vida-oncovitta-reforca-importancia-do-outubro-rosa\/\",\"name\":\"Preven\u00e7\u00e3o \u00e9 vida! OncoVitta refor\u00e7a import\u00e2ncia do Outubro Rosa - Oncovitta\",\"isPartOf\":{\"@id\":\"https:\/\/www.oncovitta.com.br\/#website\"},\"primaryImageOfPage\":{\"@id\":\"https:\/\/www.oncovitta.com.br\/index.php\/2023\/10\/17\/prevencao-e-vida-oncovitta-reforca-importancia-do-outubro-rosa\/#primaryimage\"},\"image\":{\"@id\":\"https:\/\/www.oncovitta.com.br\/index.php\/2023\/10\/17\/prevencao-e-vida-oncovitta-reforca-importancia-do-outubro-rosa\/#primaryimage\"},\"thumbnailUrl\":\"https:\/\/oncovitta.com.br\/wp-content\/uploads\/2023\/10\/Design-sem-nome-22.png\",\"datePublished\":\"2023-10-17T14:57:01+00:00\",\"author\":{\"@id\":\"https:\/\/www.oncovitta.com.br\/#\/schema\/person\/8266214e2a517b334e2eabf4c2bda958\"},\"breadcrumb\":{\"@id\":\"https:\/\/www.oncovitta.com.br\/index.php\/2023\/10\/17\/prevencao-e-vida-oncovitta-reforca-importancia-do-outubro-rosa\/#breadcrumb\"},\"inLanguage\":\"pt-BR\",\"potentialAction\":[{\"@type\":\"ReadAction\",\"target\":[\"https:\/\/www.oncovitta.com.br\/index.php\/2023\/10\/17\/prevencao-e-vida-oncovitta-reforca-importancia-do-outubro-rosa\/\"]}]},{\"@type\":\"ImageObject\",\"inLanguage\":\"pt-BR\",\"@id\":\"https:\/\/www.oncovitta.com.br\/index.php\/2023\/10\/17\/prevencao-e-vida-oncovitta-reforca-importancia-do-outubro-rosa\/#primaryimage\",\"url\":\"https:\/\/oncovitta.com.br\/wp-content\/uploads\/2023\/10\/Design-sem-nome-22.png\",\"contentUrl\":\"https:\/\/oncovitta.com.br\/wp-content\/uploads\/2023\/10\/Design-sem-nome-22.png\",\"width\":1080,\"height\":1080},{\"@type\":\"BreadcrumbList\",\"@id\":\"https:\/\/www.oncovitta.com.br\/index.php\/2023\/10\/17\/prevencao-e-vida-oncovitta-reforca-importancia-do-outubro-rosa\/#breadcrumb\",\"itemListElement\":[{\"@type\":\"ListItem\",\"position\":1,\"name\":\"In\u00edcio\",\"item\":\"https:\/\/www.oncovitta.com.br\/\"},{\"@type\":\"ListItem\",\"position\":2,\"name\":\"Preven\u00e7\u00e3o \u00e9 vida! OncoVitta refor\u00e7a import\u00e2ncia do Outubro Rosa\"}]},{\"@type\":\"WebSite\",\"@id\":\"https:\/\/www.oncovitta.com.br\/#website\",\"url\":\"https:\/\/www.oncovitta.com.br\/\",\"name\":\"Oncovitta\",\"description\":\"\",\"potentialAction\":[{\"@type\":\"SearchAction\",\"target\":{\"@type\":\"EntryPoint\",\"urlTemplate\":\"https:\/\/www.oncovitta.com.br\/?s={search_term_string}\"},\"query-input\":{\"@type\":\"PropertyValueSpecification\",\"valueRequired\":true,\"valueName\":\"search_term_string\"}}],\"inLanguage\":\"pt-BR\"},{\"@type\":\"Person\",\"@id\":\"https:\/\/www.oncovitta.com.br\/#\/schema\/person\/8266214e2a517b334e2eabf4c2bda958\",\"name\":\"hudson\",\"image\":{\"@type\":\"ImageObject\",\"inLanguage\":\"pt-BR\",\"@id\":\"https:\/\/www.oncovitta.com.br\/#\/schema\/person\/image\/\",\"url\":\"https:\/\/secure.gravatar.com\/avatar\/8c4f52b52195fa605642db0f145dc3cf?s=96&d=mm&r=g\",\"contentUrl\":\"https:\/\/secure.gravatar.com\/avatar\/8c4f52b52195fa605642db0f145dc3cf?s=96&d=mm&r=g\",\"caption\":\"hudson\"},\"url\":\"https:\/\/oncovitta.com.br\/index.php\/author\/hudson\/\"}]}<\/script>\n<!-- \/ Yoast SEO plugin. -->","yoast_head_json":{"title":"Preven\u00e7\u00e3o \u00e9 vida! OncoVitta refor\u00e7a import\u00e2ncia do Outubro Rosa - Oncovitta","robots":{"index":"index","follow":"follow","max-snippet":"max-snippet:-1","max-image-preview":"max-image-preview:large","max-video-preview":"max-video-preview:-1"},"canonical":"https:\/\/www.oncovitta.com.br\/index.php\/2023\/10\/17\/prevencao-e-vida-oncovitta-reforca-importancia-do-outubro-rosa\/","og_locale":"pt_BR","og_type":"article","og_title":"Preven\u00e7\u00e3o \u00e9 vida! OncoVitta refor\u00e7a import\u00e2ncia do Outubro Rosa - Oncovitta","og_description":"&#8220;Informar para proteger. Cuidar para viver.&#8221; Esse \u00e9 o lema da Campanha do Outubro Rosa 2023, que visa compartilhar informa\u00e7\u00f5es e promover a conscientiza\u00e7\u00e3o sobre o c\u00e2ncer de mama. Conversamos com o Dr. Fabricio Colacino, m\u00e9dico especializado no tratamento oncol\u00f3gico da OncoVitta, que enfatiza a import\u00e2ncia da detec\u00e7\u00e3o precoce desta doen\u00e7a para garantir um tratamento eficaz. A campanha, que come\u00e7ou na d\u00e9cada de 1990, concentra-se na conscientiza\u00e7\u00e3o da preven\u00e7\u00e3o e no acesso aos servi\u00e7os de diagn\u00f3stico e tratamento para reduzir as altas taxas de mortalidade associadas ao c\u00e2ncer de mama. A detec\u00e7\u00e3o precoce \u00e9 crucial, visto que um em cada tr\u00eas casos de c\u00e2ncer pode ser curado quando diagnosticado em est\u00e1gios iniciais, incluindo o c\u00e2ncer de mama, que muitas vezes apresenta sinais em suas fases iniciais. No entanto, as taxas de mortalidade permanecem elevadas em todo o mundo, com o Instituto Nacional do C\u00e2ncer (INCA) estimando mais de 73 mil novos casos e cerca de 18 mil mortes devido a essa doen\u00e7a em 2023, tornando-a a principal causa de morte entre as mulheres. O Dr. Fabricio destaca que \u00e9 fundamental que as mulheres conhe\u00e7am seus corpos, observem qualquer altera\u00e7\u00e3o e compreendam a import\u00e2ncia da mamografia e do acompanhamento m\u00e9dico regular. O c\u00e2ncer de mama \u00e9 uma doen\u00e7a resultante do crescimento anormal de c\u00e9lulas, que, quando detectado precocemente, permite um tratamento mais eficaz. Fatores de risco para o c\u00e2ncer de mama incluem obesidade, sedentarismo, consumo excessivo de \u00e1lcool, exposi\u00e7\u00e3o frequente a radia\u00e7\u00f5es ionizantes, entre outros. No entanto, a presen\u00e7a de um ou mais desses fatores n\u00e3o garante que a mulher desenvolver\u00e1 a doen\u00e7a.O acompanhamento m\u00e9dico e a ado\u00e7\u00e3o de um estilo de vida saud\u00e1vel, incluindo manter o peso corporal adequado, praticar atividades f\u00edsicas e evitar o consumo de bebidas alco\u00f3licas, s\u00e3o essenciais para a preven\u00e7\u00e3o. Sinais de alerta para o c\u00e2ncer de mama incluem caro\u00e7os endurecidos, altera\u00e7\u00f5es no mamilo, n\u00f3dulos nas axilas, sa\u00edda de l\u00edquido pelo mamilo e mudan\u00e7as na pele da mama. O Dr. Fabricio Colacino enfatiza que qualquer caro\u00e7o na mama, especialmente em mulheres com mais de 50 anos, deve ser investigado, e que as mulheres mais jovens tamb\u00e9m devem procurar avalia\u00e7\u00e3o m\u00e9dica se notarem altera\u00e7\u00f5es persistentes em suas mamas. Lembre-se, a conscientiza\u00e7\u00e3o \u00e9 a chave para a preven\u00e7\u00e3o. Fabricio e a equipe OncoVitta est\u00e3o sempre a disposi\u00e7\u00e3o para oferecer apoio, informa\u00e7\u00e3o e tratamento de qualidade a todas as mulheres que enfrentam essa jornada.","og_url":"https:\/\/www.oncovitta.com.br\/index.php\/2023\/10\/17\/prevencao-e-vida-oncovitta-reforca-importancia-do-outubro-rosa\/","og_site_name":"Oncovitta","article_published_time":"2023-10-17T14:57:01+00:00","og_image":[{"width":1080,"height":1080,"url":"https:\/\/www.oncovitta.com.br\/wp-content\/uploads\/2023\/10\/Design-sem-nome-22.png","type":"image\/png"}],"author":"hudson","twitter_card":"summary_large_image","twitter_misc":{"Escrito por":"hudson","Est. tempo de leitura":"3 minutos"},"schema":{"@context":"https:\/\/schema.org","@graph":[{"@type":"WebPage","@id":"https:\/\/www.oncovitta.com.br\/index.php\/2023\/10\/17\/prevencao-e-vida-oncovitta-reforca-importancia-do-outubro-rosa\/","url":"https:\/\/www.oncovitta.com.br\/index.php\/2023\/10\/17\/prevencao-e-vida-oncovitta-reforca-importancia-do-outubro-rosa\/","name":"Preven\u00e7\u00e3o \u00e9 vida! OncoVitta refor\u00e7a import\u00e2ncia do Outubro Rosa - Oncovitta","isPartOf":{"@id":"https:\/\/www.oncovitta.com.br\/#website"},"primaryImageOfPage":{"@id":"https:\/\/www.oncovitta.com.br\/index.php\/2023\/10\/17\/prevencao-e-vida-oncovitta-reforca-importancia-do-outubro-rosa\/#primaryimage"},"image":{"@id":"https:\/\/www.oncovitta.com.br\/index.php\/2023\/10\/17\/prevencao-e-vida-oncovitta-reforca-importancia-do-outubro-rosa\/#primaryimage"},"thumbnailUrl":"https:\/\/oncovitta.com.br\/wp-content\/uploads\/2023\/10\/Design-sem-nome-22.png","datePublished":"2023-10-17T14:57:01+00:00","author":{"@id":"https:\/\/www.oncovitta.com.br\/#\/schema\/person\/8266214e2a517b334e2eabf4c2bda958"},"breadcrumb":{"@id":"https:\/\/www.oncovitta.com.br\/index.php\/2023\/10\/17\/prevencao-e-vida-oncovitta-reforca-importancia-do-outubro-rosa\/#breadcrumb"},"inLanguage":"pt-BR","potentialAction":[{"@type":"ReadAction","target":["https:\/\/www.oncovitta.com.br\/index.php\/2023\/10\/17\/prevencao-e-vida-oncovitta-reforca-importancia-do-outubro-rosa\/"]}]},{"@type":"ImageObject","inLanguage":"pt-BR","@id":"https:\/\/www.oncovitta.com.br\/index.php\/2023\/10\/17\/prevencao-e-vida-oncovitta-reforca-importancia-do-outubro-rosa\/#primaryimage","url":"https:\/\/oncovitta.com.br\/wp-content\/uploads\/2023\/10\/Design-sem-nome-22.png","contentUrl":"https:\/\/oncovitta.com.br\/wp-content\/uploads\/2023\/10\/Design-sem-nome-22.png","width":1080,"height":1080},{"@type":"BreadcrumbList","@id":"https:\/\/www.oncovitta.com.br\/index.php\/2023\/10\/17\/prevencao-e-vida-oncovitta-reforca-importancia-do-outubro-rosa\/#breadcrumb","itemListElement":[{"@type":"ListItem","position":1,"name":"In\u00edcio","item":"https:\/\/www.oncovitta.com.br\/"},{"@type":"ListItem","position":2,"name":"Preven\u00e7\u00e3o \u00e9 vida! OncoVitta refor\u00e7a import\u00e2ncia do Outubro Rosa"}]},{"@type":"WebSite","@id":"https:\/\/www.oncovitta.com.br\/#website","url":"https:\/\/www.oncovitta.com.br\/","name":"Oncovitta","description":"","potentialAction":[{"@type":"SearchAction","target":{"@type":"EntryPoint","urlTemplate":"https:\/\/www.oncovitta.com.br\/?s={search_term_string}"},"query-input":{"@type":"PropertyValueSpecification","valueRequired":true,"valueName":"search_term_string"}}],"inLanguage":"pt-BR"},{"@type":"Person","@id":"https:\/\/www.oncovitta.com.br\/#\/schema\/person\/8266214e2a517b334e2eabf4c2bda958","name":"hudson","image":{"@type":"ImageObject","inLanguage":"pt-BR","@id":"https:\/\/www.oncovitta.com.br\/#\/schema\/person\/image\/","url":"https:\/\/secure.gravatar.com\/avatar\/8c4f52b52195fa605642db0f145dc3cf?s=96&d=mm&r=g","contentUrl":"https:\/\/secure.gravatar.com\/avatar\/8c4f52b52195fa605642db0f145dc3cf?s=96&d=mm&r=g","caption":"hudson"},"url":"https:\/\/oncovitta.com.br\/index.php\/author\/hudson\/"}]}},"_links":{"self":[{"href":"https:\/\/oncovitta.com.br\/index.php\/wp-json\/wp\/v2\/posts\/656"}],"collection":[{"href":"https:\/\/oncovitta.com.br\/index.php\/wp-json\/wp\/v2\/posts"}],"about":[{"href":"https:\/\/oncovitta.com.br\/index.php\/wp-json\/wp\/v2\/types\/post"}],"author":[{"embeddable":true,"href":"https:\/\/oncovitta.com.br\/index.php\/wp-json\/wp\/v2\/users\/3"}],"replies":[{"embeddable":true,"href":"https:\/\/oncovitta.com.br\/index.php\/wp-json\/wp\/v2\/comments?post=656"}],"version-history":[{"count":1,"href":"https:\/\/oncovitta.com.br\/index.php\/wp-json\/wp\/v2\/posts\/656\/revisions"}],"predecessor-version":[{"id":659,"href":"https:\/\/oncovitta.com.br\/index.php\/wp-json\/wp\/v2\/posts\/656\/revisions\/659"}],"wp:featuredmedia":[{"embeddable":true,"href":"https:\/\/oncovitta.com.br\/index.php\/wp-json\/wp\/v2\/media\/658"}],"wp:attachment":[{"href":"https:\/\/oncovitta.com.br\/index.php\/wp-json\/wp\/v2\/media?parent=656"}],"wp:term":[{"taxonomy":"category","embeddable":true,"href":"https:\/\/oncovitta.com.br\/index.php\/wp-json\/wp\/v2\/categories?post=656"},{"taxonomy":"post_tag","embeddable":true,"href":"https:\/\/oncovitta.com.br\/index.php\/wp-json\/wp\/v2\/tags?post=656"}],"curies":[{"name":"wp","href":"https:\/\/api.w.org\/{rel}","templated":true}]}}