{"id":674,"date":"2023-10-19T14:31:41","date_gmt":"2023-10-19T14:31:41","guid":{"rendered":"https:\/?p=674"},"modified":"2023-10-19T14:31:41","modified_gmt":"2023-10-19T14:31:41","slug":"alzheimer-e-doencas-cardiacas-estao-associadas-a-menopausa","status":"publish","type":"post","link":"https:\/\/oncovitta.com.br\/index.php\/2023\/10\/19\/alzheimer-e-doencas-cardiacas-estao-associadas-a-menopausa\/","title":{"rendered":"Alzheimer e doen\u00e7as card\u00edacas est\u00e3o associadas \u00e0 menopausa"},"content":{"rendered":"\n<figure class=\"wp-block-image size-large\"><img fetchpriority=\"high\" decoding=\"async\" width=\"1024\" height=\"790\" src=\"\/\/\/wp-content\/uploads\/2023\/10\/unnamed-1-1024x790.jpg\" alt=\"\" class=\"wp-image-675\" srcset=\"https:\/\/oncovitta.com.br\/wp-content\/uploads\/2023\/10\/unnamed-1-1024x790.jpg 1024w, https:\/\/oncovitta.com.br\/wp-content\/uploads\/2023\/10\/unnamed-1-300x231.jpg 300w, https:\/\/oncovitta.com.br\/wp-content\/uploads\/2023\/10\/unnamed-1-768x592.jpg 768w, https:\/\/oncovitta.com.br\/wp-content\/uploads\/2023\/10\/unnamed-1-1536x1185.jpg 1536w, https:\/\/oncovitta.com.br\/wp-content\/uploads\/2023\/10\/unnamed-1-2048x1580.jpg 2048w\" sizes=\"(max-width: 1024px) 100vw, 1024px\" \/><\/figure>\n\n\n\n<p><\/p>\n\n\n\n<p>O calor intenso surge do nada, seguido de suor e desconforto. Essas s\u00e3o algumas caracter\u00edsticas das ondas de calor, sintoma que atinge 80% das mulheres, segundo estudo publicado no Jornal da Sociedade da Menopausa.<\/p>\n\n\n\n<p>Esses sintomas ocorrem durante o climat\u00e9rio. Per\u00edodo em que h\u00e1 a redu\u00e7\u00e3o da produ\u00e7\u00e3o de horm\u00f4nios pelos ov\u00e1rios, que geralmente atinge mulheres entre 40 e 65 anos.<\/p>\n\n\n\n<p>Com a queda da produ\u00e7\u00e3o de horm\u00f4nios e o fim do ciclo menstrual, surge a menopausa. A condi\u00e7\u00e3o se manifesta durante o climat\u00e9rio, portanto, todos os sintomas experimentados neste per\u00edodo tamb\u00e9m pertencem \u00e0 menopausa.<\/p>\n\n\n\n<p>No Dia Mundial da Menopausa, lembrado em 18 de outubro, Guerino de Marta, m\u00e9dico ginecologista do Hospital Metropolitano do Vale do A\u00e7o, indica como o corpo reage e o que fazer para cuidar da sa\u00fade durante o per\u00edodo.<\/p>\n\n\n\n<p>\u201cCom as altera\u00e7\u00f5es das taxas hormonais, as mulheres tamb\u00e9m podem enfrentar dificuldades para adormecer e permanecer dormindo, mudan\u00e7as no humor, dores durante a rela\u00e7\u00e3o sexual e ressecamento na bexiga e uretra\u201d, alerta o profissional.<\/p>\n\n\n\n<p><strong>Menopausa causa Alzheimer e doen\u00e7as card\u00edacas?<\/strong><\/p>\n\n\n\n<p>Na verdade, estudos internacionais sugerem que h\u00e1 um maior risco de desenvolvimento do Alzheimer durante a menopausa. O mesmo ocorre em rela\u00e7\u00e3o \u00e0s doen\u00e7as card\u00edacas, como infarto e AVC (Acidente Vascular Cerebral).<\/p>\n\n\n\n<p>O c\u00e9rebro possui receptores do estrog\u00eanio, que consegue proteger o \u00f3rg\u00e3o, mantendo suas fun\u00e7\u00f5es cognitivas. Com a queda do horm\u00f4nio, pode ocorrer uma disnfun\u00e7\u00e3o cognitiva.<\/p>\n\n\n\n<p>\u201cA redu\u00e7\u00e3o do estrog\u00eanio tamb\u00e9m significa a redu\u00e7\u00e3o de um elemento que protege o c\u00e9rebro, tornando as mulheres mais vulner\u00e1veis ao Alzheimer\u201d, explica o especialista.<\/p>\n\n\n\n<p>Al\u00e9m do c\u00e9rebro, o estrog\u00eanio tamb\u00e9m \u00e9 um protetor do cora\u00e7\u00e3o. Isso porque ele estimula a dilata\u00e7\u00e3o dos vasos sangu\u00edneos, facilitando o fluxo do sangue.<\/p>\n\n\n\n<p>\u201cCom a chegada da menopausa, o n\u00edvel desse horm\u00f4nio diminui, assim como a dilata\u00e7\u00e3o das veias, aumentando o risco de coagula\u00e7\u00e3o e desenvolvimento de algumas doen\u00e7as cardiovasculares, entre infarto, hipertens\u00e3o e AVC\u201d, ressalta Guerino de Marta.<\/p>\n\n\n\n<p><strong>Quando fazer a terapia hormonal<\/strong><\/p>\n\n\n\n<p>A terapia hormonal trata os sintomas do climat\u00e9rio e previne os efeitos da falta do estrog\u00eanio. Especialistas indicam a terapia combinada, que integra estrog\u00eanio e progesterona, para reduzir o mal-estar e prevenir o c\u00e2ncer do endom\u00e9trio.<\/p>\n\n\n\n<p>O momento ideal para iniciar a terapia \u00e9 a partir de 10 anos at\u00e9 a \u00faltima menstrua\u00e7\u00e3o. \u00c9 importante que a paciente realize acompanhamento m\u00e9dico para avaliar os benef\u00edcios em compara\u00e7\u00e3o com os riscos do tratamento.<\/p>\n\n\n\n<p>Apesar das vantagens, a terapia hormonal n\u00e3o \u00e9 para todos. Mulheres que tiveram ou t\u00eam alguma dessas condi\u00e7\u00f5es, n\u00e3o podem se submeter ao tratamento:<\/p>\n\n\n\n<ul>\n<li>C\u00e2ncer de mama;<\/li>\n\n\n\n<li>C\u00e2ncer do endom\u00e9trio;<\/li>\n\n\n\n<li>Sangramaneto vaginal sem causa aparente;<\/li>\n\n\n\n<li>Doen\u00e7a card\u00edaca ou infarto;<\/li>\n\n\n\n<li>Acidente Vascular Cerebral;<\/li>\n\n\n\n<li>Hist\u00f3rico de tromboembolismo ou doen\u00e7a hep\u00e1tica grave.<\/li>\n<\/ul>\n\n\n\n<p>&#8220;Dependendo do caso, \u00e9 poss\u00edvel prescrever o uso de antidepressivos, que reduzem as ondas de calor, para quem n\u00e3o pode realizar a terapia hormonal. Cremes vaginais com horm\u00f4nio, hidratantes e lubrificantes tamb\u00e9m ajudam nos sintomas vaginais&#8221;, orienta o profissional.<\/p>\n","protected":false},"excerpt":{"rendered":"<p>O calor intenso surge do nada, seguido de suor e desconforto. Essas s\u00e3o algumas caracter\u00edsticas das ondas de calor, sintoma que atinge 80% das mulheres, segundo estudo publicado no Jornal da Sociedade da Menopausa. Esses sintomas ocorrem durante o climat\u00e9rio. Per\u00edodo em que h\u00e1 a redu\u00e7\u00e3o da produ\u00e7\u00e3o de horm\u00f4nios pelos ov\u00e1rios, que geralmente atinge mulheres entre 40 e 65 anos. Com a queda da produ\u00e7\u00e3o de horm\u00f4nios e o fim do ciclo menstrual, surge a menopausa. A condi\u00e7\u00e3o se manifesta durante o climat\u00e9rio, portanto, todos os sintomas experimentados neste per\u00edodo tamb\u00e9m pertencem \u00e0 menopausa. No Dia Mundial da Menopausa, lembrado em 18 de outubro, Guerino de Marta, m\u00e9dico ginecologista do Hospital Metropolitano do Vale do A\u00e7o, indica como o corpo reage e o que fazer para cuidar da sa\u00fade durante o per\u00edodo. \u201cCom as altera\u00e7\u00f5es das taxas hormonais, as mulheres tamb\u00e9m podem enfrentar dificuldades para adormecer e permanecer dormindo, mudan\u00e7as no humor, dores durante a rela\u00e7\u00e3o sexual e ressecamento na bexiga e uretra\u201d, alerta o profissional. Menopausa causa Alzheimer e doen\u00e7as card\u00edacas? Na verdade, estudos internacionais sugerem que h\u00e1 um maior risco de desenvolvimento do Alzheimer durante a menopausa. O mesmo ocorre em rela\u00e7\u00e3o \u00e0s doen\u00e7as card\u00edacas, como infarto e AVC (Acidente Vascular Cerebral). O c\u00e9rebro possui receptores do estrog\u00eanio, que consegue proteger o \u00f3rg\u00e3o, mantendo suas fun\u00e7\u00f5es cognitivas. Com a queda do horm\u00f4nio, pode ocorrer uma disnfun\u00e7\u00e3o cognitiva. \u201cA redu\u00e7\u00e3o do estrog\u00eanio tamb\u00e9m significa a redu\u00e7\u00e3o de um elemento que protege o c\u00e9rebro, tornando as mulheres mais vulner\u00e1veis ao Alzheimer\u201d, explica o especialista. Al\u00e9m do c\u00e9rebro, o estrog\u00eanio tamb\u00e9m \u00e9 um protetor do cora\u00e7\u00e3o. Isso porque ele estimula a dilata\u00e7\u00e3o dos vasos sangu\u00edneos, facilitando o fluxo do sangue. \u201cCom a chegada da menopausa, o n\u00edvel desse horm\u00f4nio diminui, assim como a dilata\u00e7\u00e3o das veias, aumentando o risco de coagula\u00e7\u00e3o e desenvolvimento de algumas doen\u00e7as cardiovasculares, entre infarto, hipertens\u00e3o e AVC\u201d, ressalta Guerino de Marta. Quando fazer a terapia hormonal A terapia hormonal trata os sintomas do climat\u00e9rio e previne os efeitos da falta do estrog\u00eanio. Especialistas indicam a terapia combinada, que integra estrog\u00eanio e progesterona, para reduzir o mal-estar e prevenir o c\u00e2ncer do endom\u00e9trio. O momento ideal para iniciar a terapia \u00e9 a partir de 10 anos at\u00e9 a \u00faltima menstrua\u00e7\u00e3o. \u00c9 importante que a paciente realize acompanhamento m\u00e9dico para avaliar os benef\u00edcios em compara\u00e7\u00e3o com os riscos do tratamento. Apesar das vantagens, a terapia hormonal n\u00e3o \u00e9 para todos. Mulheres que tiveram ou t\u00eam alguma dessas condi\u00e7\u00f5es, n\u00e3o podem se submeter ao tratamento: &#8220;Dependendo do caso, \u00e9 poss\u00edvel prescrever o uso de antidepressivos, que reduzem as ondas de calor, para quem n\u00e3o pode realizar a terapia hormonal. Cremes vaginais com horm\u00f4nio, hidratantes e lubrificantes tamb\u00e9m ajudam nos sintomas vaginais&#8221;, orienta o profissional.<\/p>\n","protected":false},"author":3,"featured_media":676,"comment_status":"open","ping_status":"open","sticky":false,"template":"","format":"standard","meta":{"footnotes":""},"categories":[1],"tags":[],"yoast_head":"<!-- This site is optimized with the Yoast SEO plugin v24.4 - https:\/\/yoast.com\/wordpress\/plugins\/seo\/ -->\n<title>Alzheimer e doen\u00e7as card\u00edacas est\u00e3o associadas \u00e0 menopausa - Oncovitta<\/title>\n<meta name=\"robots\" content=\"index, follow, max-snippet:-1, max-image-preview:large, max-video-preview:-1\" \/>\n<link rel=\"canonical\" href=\"https:\/\/oncovitta.com.br\/index.php\/2023\/10\/19\/alzheimer-e-doencas-cardiacas-estao-associadas-a-menopausa\/\" \/>\n<meta property=\"og:locale\" content=\"pt_BR\" \/>\n<meta property=\"og:type\" content=\"article\" \/>\n<meta property=\"og:title\" content=\"Alzheimer e doen\u00e7as card\u00edacas est\u00e3o associadas \u00e0 menopausa - Oncovitta\" \/>\n<meta property=\"og:description\" content=\"O calor intenso surge do nada, seguido de suor e desconforto. Essas s\u00e3o algumas caracter\u00edsticas das ondas de calor, sintoma que atinge 80% das mulheres, segundo estudo publicado no Jornal da Sociedade da Menopausa. Esses sintomas ocorrem durante o climat\u00e9rio. Per\u00edodo em que h\u00e1 a redu\u00e7\u00e3o da produ\u00e7\u00e3o de horm\u00f4nios pelos ov\u00e1rios, que geralmente atinge mulheres entre 40 e 65 anos. Com a queda da produ\u00e7\u00e3o de horm\u00f4nios e o fim do ciclo menstrual, surge a menopausa. A condi\u00e7\u00e3o se manifesta durante o climat\u00e9rio, portanto, todos os sintomas experimentados neste per\u00edodo tamb\u00e9m pertencem \u00e0 menopausa. No Dia Mundial da Menopausa, lembrado em 18 de outubro, Guerino de Marta, m\u00e9dico ginecologista do Hospital Metropolitano do Vale do A\u00e7o, indica como o corpo reage e o que fazer para cuidar da sa\u00fade durante o per\u00edodo. \u201cCom as altera\u00e7\u00f5es das taxas hormonais, as mulheres tamb\u00e9m podem enfrentar dificuldades para adormecer e permanecer dormindo, mudan\u00e7as no humor, dores durante a rela\u00e7\u00e3o sexual e ressecamento na bexiga e uretra\u201d, alerta o profissional. Menopausa causa Alzheimer e doen\u00e7as card\u00edacas? Na verdade, estudos internacionais sugerem que h\u00e1 um maior risco de desenvolvimento do Alzheimer durante a menopausa. O mesmo ocorre em rela\u00e7\u00e3o \u00e0s doen\u00e7as card\u00edacas, como infarto e AVC (Acidente Vascular Cerebral). O c\u00e9rebro possui receptores do estrog\u00eanio, que consegue proteger o \u00f3rg\u00e3o, mantendo suas fun\u00e7\u00f5es cognitivas. Com a queda do horm\u00f4nio, pode ocorrer uma disnfun\u00e7\u00e3o cognitiva. \u201cA redu\u00e7\u00e3o do estrog\u00eanio tamb\u00e9m significa a redu\u00e7\u00e3o de um elemento que protege o c\u00e9rebro, tornando as mulheres mais vulner\u00e1veis ao Alzheimer\u201d, explica o especialista. Al\u00e9m do c\u00e9rebro, o estrog\u00eanio tamb\u00e9m \u00e9 um protetor do cora\u00e7\u00e3o. Isso porque ele estimula a dilata\u00e7\u00e3o dos vasos sangu\u00edneos, facilitando o fluxo do sangue. \u201cCom a chegada da menopausa, o n\u00edvel desse horm\u00f4nio diminui, assim como a dilata\u00e7\u00e3o das veias, aumentando o risco de coagula\u00e7\u00e3o e desenvolvimento de algumas doen\u00e7as cardiovasculares, entre infarto, hipertens\u00e3o e AVC\u201d, ressalta Guerino de Marta. Quando fazer a terapia hormonal A terapia hormonal trata os sintomas do climat\u00e9rio e previne os efeitos da falta do estrog\u00eanio. Especialistas indicam a terapia combinada, que integra estrog\u00eanio e progesterona, para reduzir o mal-estar e prevenir o c\u00e2ncer do endom\u00e9trio. O momento ideal para iniciar a terapia \u00e9 a partir de 10 anos at\u00e9 a \u00faltima menstrua\u00e7\u00e3o. \u00c9 importante que a paciente realize acompanhamento m\u00e9dico para avaliar os benef\u00edcios em compara\u00e7\u00e3o com os riscos do tratamento. Apesar das vantagens, a terapia hormonal n\u00e3o \u00e9 para todos. Mulheres que tiveram ou t\u00eam alguma dessas condi\u00e7\u00f5es, n\u00e3o podem se submeter ao tratamento: &#8220;Dependendo do caso, \u00e9 poss\u00edvel prescrever o uso de antidepressivos, que reduzem as ondas de calor, para quem n\u00e3o pode realizar a terapia hormonal. Cremes vaginais com horm\u00f4nio, hidratantes e lubrificantes tamb\u00e9m ajudam nos sintomas vaginais&#8221;, orienta o profissional.\" \/>\n<meta property=\"og:url\" content=\"https:\/\/oncovitta.com.br\/index.php\/2023\/10\/19\/alzheimer-e-doencas-cardiacas-estao-associadas-a-menopausa\/\" \/>\n<meta property=\"og:site_name\" content=\"Oncovitta\" \/>\n<meta property=\"article:published_time\" content=\"2023-10-19T14:31:41+00:00\" \/>\n<meta property=\"og:image\" content=\"https:\/\/oncovitta.com.br\/wp-content\/uploads\/2023\/10\/567dfgh.png\" \/>\n\t<meta property=\"og:image:width\" content=\"1080\" \/>\n\t<meta property=\"og:image:height\" content=\"1080\" \/>\n\t<meta property=\"og:image:type\" content=\"image\/png\" \/>\n<meta name=\"author\" content=\"hudson\" \/>\n<meta name=\"twitter:card\" content=\"summary_large_image\" \/>\n<meta name=\"twitter:label1\" content=\"Escrito por\" \/>\n\t<meta name=\"twitter:data1\" content=\"hudson\" \/>\n\t<meta name=\"twitter:label2\" content=\"Est. tempo de leitura\" \/>\n\t<meta name=\"twitter:data2\" content=\"3 minutos\" \/>\n<script type=\"application\/ld+json\" class=\"yoast-schema-graph\">{\"@context\":\"https:\/\/schema.org\",\"@graph\":[{\"@type\":\"WebPage\",\"@id\":\"https:\/\/oncovitta.com.br\/index.php\/2023\/10\/19\/alzheimer-e-doencas-cardiacas-estao-associadas-a-menopausa\/\",\"url\":\"https:\/\/oncovitta.com.br\/index.php\/2023\/10\/19\/alzheimer-e-doencas-cardiacas-estao-associadas-a-menopausa\/\",\"name\":\"Alzheimer e doen\u00e7as card\u00edacas est\u00e3o associadas \u00e0 menopausa - Oncovitta\",\"isPartOf\":{\"@id\":\"https:\/\/www.oncovitta.com.br\/#website\"},\"primaryImageOfPage\":{\"@id\":\"https:\/\/oncovitta.com.br\/index.php\/2023\/10\/19\/alzheimer-e-doencas-cardiacas-estao-associadas-a-menopausa\/#primaryimage\"},\"image\":{\"@id\":\"https:\/\/oncovitta.com.br\/index.php\/2023\/10\/19\/alzheimer-e-doencas-cardiacas-estao-associadas-a-menopausa\/#primaryimage\"},\"thumbnailUrl\":\"https:\/\/oncovitta.com.br\/wp-content\/uploads\/2023\/10\/567dfgh.png\",\"datePublished\":\"2023-10-19T14:31:41+00:00\",\"author\":{\"@id\":\"https:\/\/www.oncovitta.com.br\/#\/schema\/person\/8266214e2a517b334e2eabf4c2bda958\"},\"breadcrumb\":{\"@id\":\"https:\/\/oncovitta.com.br\/index.php\/2023\/10\/19\/alzheimer-e-doencas-cardiacas-estao-associadas-a-menopausa\/#breadcrumb\"},\"inLanguage\":\"pt-BR\",\"potentialAction\":[{\"@type\":\"ReadAction\",\"target\":[\"https:\/\/oncovitta.com.br\/index.php\/2023\/10\/19\/alzheimer-e-doencas-cardiacas-estao-associadas-a-menopausa\/\"]}]},{\"@type\":\"ImageObject\",\"inLanguage\":\"pt-BR\",\"@id\":\"https:\/\/oncovitta.com.br\/index.php\/2023\/10\/19\/alzheimer-e-doencas-cardiacas-estao-associadas-a-menopausa\/#primaryimage\",\"url\":\"https:\/\/oncovitta.com.br\/wp-content\/uploads\/2023\/10\/567dfgh.png\",\"contentUrl\":\"https:\/\/oncovitta.com.br\/wp-content\/uploads\/2023\/10\/567dfgh.png\",\"width\":1080,\"height\":1080},{\"@type\":\"BreadcrumbList\",\"@id\":\"https:\/\/oncovitta.com.br\/index.php\/2023\/10\/19\/alzheimer-e-doencas-cardiacas-estao-associadas-a-menopausa\/#breadcrumb\",\"itemListElement\":[{\"@type\":\"ListItem\",\"position\":1,\"name\":\"In\u00edcio\",\"item\":\"https:\/\/www.oncovitta.com.br\/\"},{\"@type\":\"ListItem\",\"position\":2,\"name\":\"Alzheimer e doen\u00e7as card\u00edacas est\u00e3o associadas \u00e0 menopausa\"}]},{\"@type\":\"WebSite\",\"@id\":\"https:\/\/www.oncovitta.com.br\/#website\",\"url\":\"https:\/\/www.oncovitta.com.br\/\",\"name\":\"Oncovitta\",\"description\":\"\",\"potentialAction\":[{\"@type\":\"SearchAction\",\"target\":{\"@type\":\"EntryPoint\",\"urlTemplate\":\"https:\/\/www.oncovitta.com.br\/?s={search_term_string}\"},\"query-input\":{\"@type\":\"PropertyValueSpecification\",\"valueRequired\":true,\"valueName\":\"search_term_string\"}}],\"inLanguage\":\"pt-BR\"},{\"@type\":\"Person\",\"@id\":\"https:\/\/www.oncovitta.com.br\/#\/schema\/person\/8266214e2a517b334e2eabf4c2bda958\",\"name\":\"hudson\",\"image\":{\"@type\":\"ImageObject\",\"inLanguage\":\"pt-BR\",\"@id\":\"https:\/\/www.oncovitta.com.br\/#\/schema\/person\/image\/\",\"url\":\"https:\/\/secure.gravatar.com\/avatar\/8c4f52b52195fa605642db0f145dc3cf?s=96&d=mm&r=g\",\"contentUrl\":\"https:\/\/secure.gravatar.com\/avatar\/8c4f52b52195fa605642db0f145dc3cf?s=96&d=mm&r=g\",\"caption\":\"hudson\"},\"url\":\"https:\/\/oncovitta.com.br\/index.php\/author\/hudson\/\"}]}<\/script>\n<!-- \/ Yoast SEO plugin. -->","yoast_head_json":{"title":"Alzheimer e doen\u00e7as card\u00edacas est\u00e3o associadas \u00e0 menopausa - Oncovitta","robots":{"index":"index","follow":"follow","max-snippet":"max-snippet:-1","max-image-preview":"max-image-preview:large","max-video-preview":"max-video-preview:-1"},"canonical":"https:\/\/oncovitta.com.br\/index.php\/2023\/10\/19\/alzheimer-e-doencas-cardiacas-estao-associadas-a-menopausa\/","og_locale":"pt_BR","og_type":"article","og_title":"Alzheimer e doen\u00e7as card\u00edacas est\u00e3o associadas \u00e0 menopausa - Oncovitta","og_description":"O calor intenso surge do nada, seguido de suor e desconforto. Essas s\u00e3o algumas caracter\u00edsticas das ondas de calor, sintoma que atinge 80% das mulheres, segundo estudo publicado no Jornal da Sociedade da Menopausa. Esses sintomas ocorrem durante o climat\u00e9rio. Per\u00edodo em que h\u00e1 a redu\u00e7\u00e3o da produ\u00e7\u00e3o de horm\u00f4nios pelos ov\u00e1rios, que geralmente atinge mulheres entre 40 e 65 anos. Com a queda da produ\u00e7\u00e3o de horm\u00f4nios e o fim do ciclo menstrual, surge a menopausa. A condi\u00e7\u00e3o se manifesta durante o climat\u00e9rio, portanto, todos os sintomas experimentados neste per\u00edodo tamb\u00e9m pertencem \u00e0 menopausa. No Dia Mundial da Menopausa, lembrado em 18 de outubro, Guerino de Marta, m\u00e9dico ginecologista do Hospital Metropolitano do Vale do A\u00e7o, indica como o corpo reage e o que fazer para cuidar da sa\u00fade durante o per\u00edodo. \u201cCom as altera\u00e7\u00f5es das taxas hormonais, as mulheres tamb\u00e9m podem enfrentar dificuldades para adormecer e permanecer dormindo, mudan\u00e7as no humor, dores durante a rela\u00e7\u00e3o sexual e ressecamento na bexiga e uretra\u201d, alerta o profissional. Menopausa causa Alzheimer e doen\u00e7as card\u00edacas? Na verdade, estudos internacionais sugerem que h\u00e1 um maior risco de desenvolvimento do Alzheimer durante a menopausa. O mesmo ocorre em rela\u00e7\u00e3o \u00e0s doen\u00e7as card\u00edacas, como infarto e AVC (Acidente Vascular Cerebral). O c\u00e9rebro possui receptores do estrog\u00eanio, que consegue proteger o \u00f3rg\u00e3o, mantendo suas fun\u00e7\u00f5es cognitivas. Com a queda do horm\u00f4nio, pode ocorrer uma disnfun\u00e7\u00e3o cognitiva. \u201cA redu\u00e7\u00e3o do estrog\u00eanio tamb\u00e9m significa a redu\u00e7\u00e3o de um elemento que protege o c\u00e9rebro, tornando as mulheres mais vulner\u00e1veis ao Alzheimer\u201d, explica o especialista. Al\u00e9m do c\u00e9rebro, o estrog\u00eanio tamb\u00e9m \u00e9 um protetor do cora\u00e7\u00e3o. Isso porque ele estimula a dilata\u00e7\u00e3o dos vasos sangu\u00edneos, facilitando o fluxo do sangue. \u201cCom a chegada da menopausa, o n\u00edvel desse horm\u00f4nio diminui, assim como a dilata\u00e7\u00e3o das veias, aumentando o risco de coagula\u00e7\u00e3o e desenvolvimento de algumas doen\u00e7as cardiovasculares, entre infarto, hipertens\u00e3o e AVC\u201d, ressalta Guerino de Marta. Quando fazer a terapia hormonal A terapia hormonal trata os sintomas do climat\u00e9rio e previne os efeitos da falta do estrog\u00eanio. Especialistas indicam a terapia combinada, que integra estrog\u00eanio e progesterona, para reduzir o mal-estar e prevenir o c\u00e2ncer do endom\u00e9trio. O momento ideal para iniciar a terapia \u00e9 a partir de 10 anos at\u00e9 a \u00faltima menstrua\u00e7\u00e3o. \u00c9 importante que a paciente realize acompanhamento m\u00e9dico para avaliar os benef\u00edcios em compara\u00e7\u00e3o com os riscos do tratamento. Apesar das vantagens, a terapia hormonal n\u00e3o \u00e9 para todos. Mulheres que tiveram ou t\u00eam alguma dessas condi\u00e7\u00f5es, n\u00e3o podem se submeter ao tratamento: &#8220;Dependendo do caso, \u00e9 poss\u00edvel prescrever o uso de antidepressivos, que reduzem as ondas de calor, para quem n\u00e3o pode realizar a terapia hormonal. Cremes vaginais com horm\u00f4nio, hidratantes e lubrificantes tamb\u00e9m ajudam nos sintomas vaginais&#8221;, orienta o profissional.","og_url":"https:\/\/oncovitta.com.br\/index.php\/2023\/10\/19\/alzheimer-e-doencas-cardiacas-estao-associadas-a-menopausa\/","og_site_name":"Oncovitta","article_published_time":"2023-10-19T14:31:41+00:00","og_image":[{"width":1080,"height":1080,"url":"https:\/\/oncovitta.com.br\/wp-content\/uploads\/2023\/10\/567dfgh.png","type":"image\/png"}],"author":"hudson","twitter_card":"summary_large_image","twitter_misc":{"Escrito por":"hudson","Est. tempo de leitura":"3 minutos"},"schema":{"@context":"https:\/\/schema.org","@graph":[{"@type":"WebPage","@id":"https:\/\/oncovitta.com.br\/index.php\/2023\/10\/19\/alzheimer-e-doencas-cardiacas-estao-associadas-a-menopausa\/","url":"https:\/\/oncovitta.com.br\/index.php\/2023\/10\/19\/alzheimer-e-doencas-cardiacas-estao-associadas-a-menopausa\/","name":"Alzheimer e doen\u00e7as card\u00edacas est\u00e3o associadas \u00e0 menopausa - Oncovitta","isPartOf":{"@id":"https:\/\/www.oncovitta.com.br\/#website"},"primaryImageOfPage":{"@id":"https:\/\/oncovitta.com.br\/index.php\/2023\/10\/19\/alzheimer-e-doencas-cardiacas-estao-associadas-a-menopausa\/#primaryimage"},"image":{"@id":"https:\/\/oncovitta.com.br\/index.php\/2023\/10\/19\/alzheimer-e-doencas-cardiacas-estao-associadas-a-menopausa\/#primaryimage"},"thumbnailUrl":"https:\/\/oncovitta.com.br\/wp-content\/uploads\/2023\/10\/567dfgh.png","datePublished":"2023-10-19T14:31:41+00:00","author":{"@id":"https:\/\/www.oncovitta.com.br\/#\/schema\/person\/8266214e2a517b334e2eabf4c2bda958"},"breadcrumb":{"@id":"https:\/\/oncovitta.com.br\/index.php\/2023\/10\/19\/alzheimer-e-doencas-cardiacas-estao-associadas-a-menopausa\/#breadcrumb"},"inLanguage":"pt-BR","potentialAction":[{"@type":"ReadAction","target":["https:\/\/oncovitta.com.br\/index.php\/2023\/10\/19\/alzheimer-e-doencas-cardiacas-estao-associadas-a-menopausa\/"]}]},{"@type":"ImageObject","inLanguage":"pt-BR","@id":"https:\/\/oncovitta.com.br\/index.php\/2023\/10\/19\/alzheimer-e-doencas-cardiacas-estao-associadas-a-menopausa\/#primaryimage","url":"https:\/\/oncovitta.com.br\/wp-content\/uploads\/2023\/10\/567dfgh.png","contentUrl":"https:\/\/oncovitta.com.br\/wp-content\/uploads\/2023\/10\/567dfgh.png","width":1080,"height":1080},{"@type":"BreadcrumbList","@id":"https:\/\/oncovitta.com.br\/index.php\/2023\/10\/19\/alzheimer-e-doencas-cardiacas-estao-associadas-a-menopausa\/#breadcrumb","itemListElement":[{"@type":"ListItem","position":1,"name":"In\u00edcio","item":"https:\/\/www.oncovitta.com.br\/"},{"@type":"ListItem","position":2,"name":"Alzheimer e doen\u00e7as card\u00edacas est\u00e3o associadas \u00e0 menopausa"}]},{"@type":"WebSite","@id":"https:\/\/www.oncovitta.com.br\/#website","url":"https:\/\/www.oncovitta.com.br\/","name":"Oncovitta","description":"","potentialAction":[{"@type":"SearchAction","target":{"@type":"EntryPoint","urlTemplate":"https:\/\/www.oncovitta.com.br\/?s={search_term_string}"},"query-input":{"@type":"PropertyValueSpecification","valueRequired":true,"valueName":"search_term_string"}}],"inLanguage":"pt-BR"},{"@type":"Person","@id":"https:\/\/www.oncovitta.com.br\/#\/schema\/person\/8266214e2a517b334e2eabf4c2bda958","name":"hudson","image":{"@type":"ImageObject","inLanguage":"pt-BR","@id":"https:\/\/www.oncovitta.com.br\/#\/schema\/person\/image\/","url":"https:\/\/secure.gravatar.com\/avatar\/8c4f52b52195fa605642db0f145dc3cf?s=96&d=mm&r=g","contentUrl":"https:\/\/secure.gravatar.com\/avatar\/8c4f52b52195fa605642db0f145dc3cf?s=96&d=mm&r=g","caption":"hudson"},"url":"https:\/\/oncovitta.com.br\/index.php\/author\/hudson\/"}]}},"_links":{"self":[{"href":"https:\/\/oncovitta.com.br\/index.php\/wp-json\/wp\/v2\/posts\/674"}],"collection":[{"href":"https:\/\/oncovitta.com.br\/index.php\/wp-json\/wp\/v2\/posts"}],"about":[{"href":"https:\/\/oncovitta.com.br\/index.php\/wp-json\/wp\/v2\/types\/post"}],"author":[{"embeddable":true,"href":"https:\/\/oncovitta.com.br\/index.php\/wp-json\/wp\/v2\/users\/3"}],"replies":[{"embeddable":true,"href":"https:\/\/oncovitta.com.br\/index.php\/wp-json\/wp\/v2\/comments?post=674"}],"version-history":[{"count":1,"href":"https:\/\/oncovitta.com.br\/index.php\/wp-json\/wp\/v2\/posts\/674\/revisions"}],"predecessor-version":[{"id":677,"href":"https:\/\/oncovitta.com.br\/index.php\/wp-json\/wp\/v2\/posts\/674\/revisions\/677"}],"wp:featuredmedia":[{"embeddable":true,"href":"https:\/\/oncovitta.com.br\/index.php\/wp-json\/wp\/v2\/media\/676"}],"wp:attachment":[{"href":"https:\/\/oncovitta.com.br\/index.php\/wp-json\/wp\/v2\/media?parent=674"}],"wp:term":[{"taxonomy":"category","embeddable":true,"href":"https:\/\/oncovitta.com.br\/index.php\/wp-json\/wp\/v2\/categories?post=674"},{"taxonomy":"post_tag","embeddable":true,"href":"https:\/\/oncovitta.com.br\/index.php\/wp-json\/wp\/v2\/tags?post=674"}],"curies":[{"name":"wp","href":"https:\/\/api.w.org\/{rel}","templated":true}]}}