{"id":701,"date":"2023-10-31T19:28:40","date_gmt":"2023-10-31T19:28:40","guid":{"rendered":"https:\/?p=701"},"modified":"2023-10-31T19:43:17","modified_gmt":"2023-10-31T19:43:17","slug":"tv-morena-reforca-acoes-do-outubro-rosa-com-orientacao-e-prevencao","status":"publish","type":"post","link":"https:\/\/oncovitta.com.br\/index.php\/2023\/10\/31\/tv-morena-reforca-acoes-do-outubro-rosa-com-orientacao-e-prevencao\/","title":{"rendered":"TV Morena refor\u00e7a a\u00e7\u00f5es do outubro rosa com orienta\u00e7\u00e3o e preven\u00e7\u00e3o"},"content":{"rendered":"\n<figure class=\"wp-block-image size-large\"><img fetchpriority=\"high\" decoding=\"async\" width=\"1024\" height=\"764\" src=\"\/\/\/wp-content\/uploads\/2023\/10\/1-1024x764.png\" alt=\"\" class=\"wp-image-703\" srcset=\"https:\/\/oncovitta.com.br\/wp-content\/uploads\/2023\/10\/1-1024x764.png 1024w, https:\/\/oncovitta.com.br\/wp-content\/uploads\/2023\/10\/1-300x224.png 300w, https:\/\/oncovitta.com.br\/wp-content\/uploads\/2023\/10\/1-768x573.png 768w, https:\/\/oncovitta.com.br\/wp-content\/uploads\/2023\/10\/1-1536x1146.png 1536w, https:\/\/oncovitta.com.br\/wp-content\/uploads\/2023\/10\/1-2048x1528.png 2048w\" sizes=\"(max-width: 1024px) 100vw, 1024px\" \/><\/figure>\n\n\n\n<p><\/p>\n\n\n\n<p>Na \u00faltima sexta-feira, dia 27 de outubro, o Grupo RCM de Comunica\u00e7\u00e3o &#8211; TV Morena, promoveu um dia dedicado \u00e0 preven\u00e7\u00e3o em prol do Outubro Rosa, um movimento global que visa conscientizar sobre a import\u00e2ncia da detec\u00e7\u00e3o precoce do c\u00e2ncer de mama. A ocasi\u00e3o foi marcada por uma palestra ministrada pelo m\u00e9dico oncologista, Dr. Fabr\u00edcio Colacino, para os colaboradores da TV Morena.<\/p>\n\n\n\n<p>O evento representou o encerramento das atividades alusivas ao Outubro Rosa da TV Morena, bem como o in\u00edcio das a\u00e7\u00f5es dedicadas ao Novembro Azul, que tem como foco a sa\u00fade masculina e a luta contra o c\u00e2ncer de pr\u00f3stata.<\/p>\n\n\n\n<p>Uma emocionante experi\u00eancia de supera\u00e7\u00e3o foi compartilhada por Laudic\u00e9ia Melgarejo, que, gra\u00e7as \u00e0 detec\u00e7\u00e3o precoce atrav\u00e9s do autoexame, superou a doen\u00e7a. Laudic\u00e9ia destacou a import\u00e2ncia do papel da fam\u00edlia, quest\u00f5es psicol\u00f3gicas e a significativa influ\u00eancia da equipe multidisciplinar durante o tratamento. Ela ressaltou a diferen\u00e7a que o tratamento humanizado faz na sua jornada como paciente.<\/p>\n\n\n\n<figure class=\"wp-block-image size-large\"><img decoding=\"async\" width=\"1024\" height=\"633\" src=\"\/\/\/wp-content\/uploads\/2023\/10\/4-1-1024x633.png\" alt=\"\" class=\"wp-image-704\" srcset=\"https:\/\/oncovitta.com.br\/wp-content\/uploads\/2023\/10\/4-1-1024x633.png 1024w, https:\/\/oncovitta.com.br\/wp-content\/uploads\/2023\/10\/4-1-300x186.png 300w, https:\/\/oncovitta.com.br\/wp-content\/uploads\/2023\/10\/4-1-768x475.png 768w, https:\/\/oncovitta.com.br\/wp-content\/uploads\/2023\/10\/4-1-1536x950.png 1536w, https:\/\/oncovitta.com.br\/wp-content\/uploads\/2023\/10\/4-1-2048x1267.png 2048w\" sizes=\"(max-width: 1024px) 100vw, 1024px\" \/><\/figure>\n\n\n\n<p>Dr. Fabr\u00edcio expressou sua gratid\u00e3o a Laudic\u00e9ia por compartilhar sua hist\u00f3ria como um alerta e uma fonte de inspira\u00e7\u00e3o para outros. O m\u00e9dico tamb\u00e9m apresentou informa\u00e7\u00f5es t\u00e9cnicas de maneira acess\u00edvel, destacando a import\u00e2ncia do Outubro Rosa e enfatizando que o combate ao c\u00e2ncer come\u00e7a com informa\u00e7\u00e3o, preven\u00e7\u00e3o e detec\u00e7\u00e3o precoce.<\/p>\n\n\n\n<p>O encontro permitiu que o audit\u00f3rio tirasse d\u00favidas, obtivesse informa\u00e7\u00f5es valiosas sobre a preven\u00e7\u00e3o do c\u00e2ncer de mama e aprendesse sobre a pr\u00f3xima campanha do Novembro Azul. A TV Morena refor\u00e7ou seu compromisso com a conscientiza\u00e7\u00e3o e a difus\u00e3o de informa\u00e7\u00f5es sobre sa\u00fade p\u00fablica, e a parceria com Dr. Fabr\u00edcio Colacino tem sido essencial nessa busca pela conscientiza\u00e7\u00e3o e combate ao c\u00e2ncer.<\/p>\n\n\n\n<figure class=\"wp-block-image size-large\"><img decoding=\"async\" width=\"1024\" height=\"584\" src=\"\/\/\/wp-content\/uploads\/2023\/10\/2-1024x584.png\" alt=\"\" class=\"wp-image-705\" srcset=\"https:\/\/oncovitta.com.br\/wp-content\/uploads\/2023\/10\/2-1024x584.png 1024w, https:\/\/oncovitta.com.br\/wp-content\/uploads\/2023\/10\/2-300x171.png 300w, https:\/\/oncovitta.com.br\/wp-content\/uploads\/2023\/10\/2-768x438.png 768w, https:\/\/oncovitta.com.br\/wp-content\/uploads\/2023\/10\/2-1536x876.png 1536w, https:\/\/oncovitta.com.br\/wp-content\/uploads\/2023\/10\/2-2048x1168.png 2048w\" sizes=\"(max-width: 1024px) 100vw, 1024px\" \/><\/figure>\n\n\n\n<p>Durante todo o m\u00eas de outubro, a torre da TV Morena \u00e9 iluminada em tons de rosa, simbolizando o compromisso da emissora com a causa. Em novembro, a torre \u00e9 iluminada em tons de azul. A\u00e7\u00f5es de preven\u00e7\u00e3o e informa\u00e7\u00f5es educativas s\u00e3o promovidas internamente, e reportagens informativas e esquetes dedicadas \u00e0 conscientiza\u00e7\u00e3o sobre a import\u00e2ncia da detec\u00e7\u00e3o precoce e do combate ao c\u00e2ncer s\u00e3o veiculadas no per\u00edodo.<\/p>\n\n\n\n<p>O evento na TV Morena e as atividades do Outubro Rosa e Novembro Azul refletem o compromisso da TV e de profissionais como Dr. Fabr\u00edcio Colacino em ajudar a comunidade a vencer o c\u00e2ncer com conhecimento, preven\u00e7\u00e3o e solidariedade.<\/p>\n\n\n\n<figure class=\"wp-block-image size-large\"><img loading=\"lazy\" decoding=\"async\" width=\"1024\" height=\"745\" src=\"\/\/\/wp-content\/uploads\/2023\/10\/3-1024x745.png\" alt=\"\" class=\"wp-image-706\" srcset=\"https:\/\/oncovitta.com.br\/wp-content\/uploads\/2023\/10\/3-1024x745.png 1024w, https:\/\/oncovitta.com.br\/wp-content\/uploads\/2023\/10\/3-300x218.png 300w, https:\/\/oncovitta.com.br\/wp-content\/uploads\/2023\/10\/3-768x559.png 768w, https:\/\/oncovitta.com.br\/wp-content\/uploads\/2023\/10\/3-1536x1118.png 1536w, https:\/\/oncovitta.com.br\/wp-content\/uploads\/2023\/10\/3-2048x1491.png 2048w\" sizes=\"(max-width: 1024px) 100vw, 1024px\" \/><figcaption class=\"wp-element-caption\">Dr. Fabricio Colacino e Nicomedes S. Filho (Nico), Diretor Geral TV Morena.<\/figcaption><\/figure>\n","protected":false},"excerpt":{"rendered":"<p>Na \u00faltima sexta-feira, dia 27 de outubro, o Grupo RCM de Comunica\u00e7\u00e3o &#8211; TV Morena, promoveu um dia dedicado \u00e0 preven\u00e7\u00e3o em prol do Outubro Rosa, um movimento global que visa conscientizar sobre a import\u00e2ncia da detec\u00e7\u00e3o precoce do c\u00e2ncer de mama. A ocasi\u00e3o foi marcada por uma palestra ministrada pelo m\u00e9dico oncologista, Dr. Fabr\u00edcio Colacino, para os colaboradores da TV Morena. O evento representou o encerramento das atividades alusivas ao Outubro Rosa da TV Morena, bem como o in\u00edcio das a\u00e7\u00f5es dedicadas ao Novembro Azul, que tem como foco a sa\u00fade masculina e a luta contra o c\u00e2ncer de pr\u00f3stata. Uma emocionante experi\u00eancia de supera\u00e7\u00e3o foi compartilhada por Laudic\u00e9ia Melgarejo, que, gra\u00e7as \u00e0 detec\u00e7\u00e3o precoce atrav\u00e9s do autoexame, superou a doen\u00e7a. Laudic\u00e9ia destacou a import\u00e2ncia do papel da fam\u00edlia, quest\u00f5es psicol\u00f3gicas e a significativa influ\u00eancia da equipe multidisciplinar durante o tratamento. Ela ressaltou a diferen\u00e7a que o tratamento humanizado faz na sua jornada como paciente. Dr. Fabr\u00edcio expressou sua gratid\u00e3o a Laudic\u00e9ia por compartilhar sua hist\u00f3ria como um alerta e uma fonte de inspira\u00e7\u00e3o para outros. O m\u00e9dico tamb\u00e9m apresentou informa\u00e7\u00f5es t\u00e9cnicas de maneira acess\u00edvel, destacando a import\u00e2ncia do Outubro Rosa e enfatizando que o combate ao c\u00e2ncer come\u00e7a com informa\u00e7\u00e3o, preven\u00e7\u00e3o e detec\u00e7\u00e3o precoce. O encontro permitiu que o audit\u00f3rio tirasse d\u00favidas, obtivesse informa\u00e7\u00f5es valiosas sobre a preven\u00e7\u00e3o do c\u00e2ncer de mama e aprendesse sobre a pr\u00f3xima campanha do Novembro Azul. A TV Morena refor\u00e7ou seu compromisso com a conscientiza\u00e7\u00e3o e a difus\u00e3o de informa\u00e7\u00f5es sobre sa\u00fade p\u00fablica, e a parceria com Dr. Fabr\u00edcio Colacino tem sido essencial nessa busca pela conscientiza\u00e7\u00e3o e combate ao c\u00e2ncer. Durante todo o m\u00eas de outubro, a torre da TV Morena \u00e9 iluminada em tons de rosa, simbolizando o compromisso da emissora com a causa. Em novembro, a torre \u00e9 iluminada em tons de azul. A\u00e7\u00f5es de preven\u00e7\u00e3o e informa\u00e7\u00f5es educativas s\u00e3o promovidas internamente, e reportagens informativas e esquetes dedicadas \u00e0 conscientiza\u00e7\u00e3o sobre a import\u00e2ncia da detec\u00e7\u00e3o precoce e do combate ao c\u00e2ncer s\u00e3o veiculadas no per\u00edodo. O evento na TV Morena e as atividades do Outubro Rosa e Novembro Azul refletem o compromisso da TV e de profissionais como Dr. Fabr\u00edcio Colacino em ajudar a comunidade a vencer o c\u00e2ncer com conhecimento, preven\u00e7\u00e3o e solidariedade.<\/p>\n","protected":false},"author":3,"featured_media":709,"comment_status":"open","ping_status":"open","sticky":false,"template":"","format":"standard","meta":{"footnotes":""},"categories":[1],"tags":[],"yoast_head":"<!-- This site is optimized with the Yoast SEO plugin v24.4 - https:\/\/yoast.com\/wordpress\/plugins\/seo\/ -->\n<title>TV Morena refor\u00e7a a\u00e7\u00f5es do outubro rosa com orienta\u00e7\u00e3o e preven\u00e7\u00e3o - Oncovitta<\/title>\n<meta name=\"robots\" content=\"index, follow, max-snippet:-1, max-image-preview:large, max-video-preview:-1\" \/>\n<link rel=\"canonical\" href=\"https:\/\/oncovitta.com.br\/index.php\/2023\/10\/31\/tv-morena-reforca-acoes-do-outubro-rosa-com-orientacao-e-prevencao\/\" \/>\n<meta property=\"og:locale\" content=\"pt_BR\" \/>\n<meta property=\"og:type\" content=\"article\" \/>\n<meta property=\"og:title\" content=\"TV Morena refor\u00e7a a\u00e7\u00f5es do outubro rosa com orienta\u00e7\u00e3o e preven\u00e7\u00e3o - Oncovitta\" \/>\n<meta property=\"og:description\" content=\"Na \u00faltima sexta-feira, dia 27 de outubro, o Grupo RCM de Comunica\u00e7\u00e3o &#8211; TV Morena, promoveu um dia dedicado \u00e0 preven\u00e7\u00e3o em prol do Outubro Rosa, um movimento global que visa conscientizar sobre a import\u00e2ncia da detec\u00e7\u00e3o precoce do c\u00e2ncer de mama. A ocasi\u00e3o foi marcada por uma palestra ministrada pelo m\u00e9dico oncologista, Dr. Fabr\u00edcio Colacino, para os colaboradores da TV Morena. O evento representou o encerramento das atividades alusivas ao Outubro Rosa da TV Morena, bem como o in\u00edcio das a\u00e7\u00f5es dedicadas ao Novembro Azul, que tem como foco a sa\u00fade masculina e a luta contra o c\u00e2ncer de pr\u00f3stata. Uma emocionante experi\u00eancia de supera\u00e7\u00e3o foi compartilhada por Laudic\u00e9ia Melgarejo, que, gra\u00e7as \u00e0 detec\u00e7\u00e3o precoce atrav\u00e9s do autoexame, superou a doen\u00e7a. Laudic\u00e9ia destacou a import\u00e2ncia do papel da fam\u00edlia, quest\u00f5es psicol\u00f3gicas e a significativa influ\u00eancia da equipe multidisciplinar durante o tratamento. Ela ressaltou a diferen\u00e7a que o tratamento humanizado faz na sua jornada como paciente. Dr. Fabr\u00edcio expressou sua gratid\u00e3o a Laudic\u00e9ia por compartilhar sua hist\u00f3ria como um alerta e uma fonte de inspira\u00e7\u00e3o para outros. O m\u00e9dico tamb\u00e9m apresentou informa\u00e7\u00f5es t\u00e9cnicas de maneira acess\u00edvel, destacando a import\u00e2ncia do Outubro Rosa e enfatizando que o combate ao c\u00e2ncer come\u00e7a com informa\u00e7\u00e3o, preven\u00e7\u00e3o e detec\u00e7\u00e3o precoce. O encontro permitiu que o audit\u00f3rio tirasse d\u00favidas, obtivesse informa\u00e7\u00f5es valiosas sobre a preven\u00e7\u00e3o do c\u00e2ncer de mama e aprendesse sobre a pr\u00f3xima campanha do Novembro Azul. A TV Morena refor\u00e7ou seu compromisso com a conscientiza\u00e7\u00e3o e a difus\u00e3o de informa\u00e7\u00f5es sobre sa\u00fade p\u00fablica, e a parceria com Dr. Fabr\u00edcio Colacino tem sido essencial nessa busca pela conscientiza\u00e7\u00e3o e combate ao c\u00e2ncer. Durante todo o m\u00eas de outubro, a torre da TV Morena \u00e9 iluminada em tons de rosa, simbolizando o compromisso da emissora com a causa. Em novembro, a torre \u00e9 iluminada em tons de azul. A\u00e7\u00f5es de preven\u00e7\u00e3o e informa\u00e7\u00f5es educativas s\u00e3o promovidas internamente, e reportagens informativas e esquetes dedicadas \u00e0 conscientiza\u00e7\u00e3o sobre a import\u00e2ncia da detec\u00e7\u00e3o precoce e do combate ao c\u00e2ncer s\u00e3o veiculadas no per\u00edodo. O evento na TV Morena e as atividades do Outubro Rosa e Novembro Azul refletem o compromisso da TV e de profissionais como Dr. Fabr\u00edcio Colacino em ajudar a comunidade a vencer o c\u00e2ncer com conhecimento, preven\u00e7\u00e3o e solidariedade.\" \/>\n<meta property=\"og:url\" content=\"https:\/\/oncovitta.com.br\/index.php\/2023\/10\/31\/tv-morena-reforca-acoes-do-outubro-rosa-com-orientacao-e-prevencao\/\" \/>\n<meta property=\"og:site_name\" content=\"Oncovitta\" \/>\n<meta property=\"article:published_time\" content=\"2023-10-31T19:28:40+00:00\" \/>\n<meta property=\"article:modified_time\" content=\"2023-10-31T19:43:17+00:00\" \/>\n<meta property=\"og:image\" content=\"https:\/\/oncovitta.com.br\/wp-content\/uploads\/2023\/10\/Design-sem-nome-36.png\" \/>\n\t<meta property=\"og:image:width\" content=\"1080\" \/>\n\t<meta property=\"og:image:height\" content=\"1080\" \/>\n\t<meta property=\"og:image:type\" content=\"image\/png\" \/>\n<meta name=\"author\" content=\"hudson\" \/>\n<meta name=\"twitter:card\" content=\"summary_large_image\" \/>\n<meta name=\"twitter:label1\" content=\"Escrito por\" \/>\n\t<meta name=\"twitter:data1\" content=\"hudson\" \/>\n\t<meta name=\"twitter:label2\" content=\"Est. tempo de leitura\" \/>\n\t<meta name=\"twitter:data2\" content=\"3 minutos\" \/>\n<script type=\"application\/ld+json\" class=\"yoast-schema-graph\">{\"@context\":\"https:\/\/schema.org\",\"@graph\":[{\"@type\":\"WebPage\",\"@id\":\"https:\/\/oncovitta.com.br\/index.php\/2023\/10\/31\/tv-morena-reforca-acoes-do-outubro-rosa-com-orientacao-e-prevencao\/\",\"url\":\"https:\/\/oncovitta.com.br\/index.php\/2023\/10\/31\/tv-morena-reforca-acoes-do-outubro-rosa-com-orientacao-e-prevencao\/\",\"name\":\"TV Morena refor\u00e7a a\u00e7\u00f5es do outubro rosa com orienta\u00e7\u00e3o e preven\u00e7\u00e3o - Oncovitta\",\"isPartOf\":{\"@id\":\"https:\/\/www.oncovitta.com.br\/#website\"},\"primaryImageOfPage\":{\"@id\":\"https:\/\/oncovitta.com.br\/index.php\/2023\/10\/31\/tv-morena-reforca-acoes-do-outubro-rosa-com-orientacao-e-prevencao\/#primaryimage\"},\"image\":{\"@id\":\"https:\/\/oncovitta.com.br\/index.php\/2023\/10\/31\/tv-morena-reforca-acoes-do-outubro-rosa-com-orientacao-e-prevencao\/#primaryimage\"},\"thumbnailUrl\":\"https:\/\/oncovitta.com.br\/wp-content\/uploads\/2023\/10\/Design-sem-nome-36.png\",\"datePublished\":\"2023-10-31T19:28:40+00:00\",\"dateModified\":\"2023-10-31T19:43:17+00:00\",\"author\":{\"@id\":\"https:\/\/www.oncovitta.com.br\/#\/schema\/person\/8266214e2a517b334e2eabf4c2bda958\"},\"breadcrumb\":{\"@id\":\"https:\/\/oncovitta.com.br\/index.php\/2023\/10\/31\/tv-morena-reforca-acoes-do-outubro-rosa-com-orientacao-e-prevencao\/#breadcrumb\"},\"inLanguage\":\"pt-BR\",\"potentialAction\":[{\"@type\":\"ReadAction\",\"target\":[\"https:\/\/oncovitta.com.br\/index.php\/2023\/10\/31\/tv-morena-reforca-acoes-do-outubro-rosa-com-orientacao-e-prevencao\/\"]}]},{\"@type\":\"ImageObject\",\"inLanguage\":\"pt-BR\",\"@id\":\"https:\/\/oncovitta.com.br\/index.php\/2023\/10\/31\/tv-morena-reforca-acoes-do-outubro-rosa-com-orientacao-e-prevencao\/#primaryimage\",\"url\":\"https:\/\/oncovitta.com.br\/wp-content\/uploads\/2023\/10\/Design-sem-nome-36.png\",\"contentUrl\":\"https:\/\/oncovitta.com.br\/wp-content\/uploads\/2023\/10\/Design-sem-nome-36.png\",\"width\":1080,\"height\":1080},{\"@type\":\"BreadcrumbList\",\"@id\":\"https:\/\/oncovitta.com.br\/index.php\/2023\/10\/31\/tv-morena-reforca-acoes-do-outubro-rosa-com-orientacao-e-prevencao\/#breadcrumb\",\"itemListElement\":[{\"@type\":\"ListItem\",\"position\":1,\"name\":\"In\u00edcio\",\"item\":\"https:\/\/www.oncovitta.com.br\/\"},{\"@type\":\"ListItem\",\"position\":2,\"name\":\"TV Morena refor\u00e7a a\u00e7\u00f5es do outubro rosa com orienta\u00e7\u00e3o e preven\u00e7\u00e3o\"}]},{\"@type\":\"WebSite\",\"@id\":\"https:\/\/www.oncovitta.com.br\/#website\",\"url\":\"https:\/\/www.oncovitta.com.br\/\",\"name\":\"Oncovitta\",\"description\":\"\",\"potentialAction\":[{\"@type\":\"SearchAction\",\"target\":{\"@type\":\"EntryPoint\",\"urlTemplate\":\"https:\/\/www.oncovitta.com.br\/?s={search_term_string}\"},\"query-input\":{\"@type\":\"PropertyValueSpecification\",\"valueRequired\":true,\"valueName\":\"search_term_string\"}}],\"inLanguage\":\"pt-BR\"},{\"@type\":\"Person\",\"@id\":\"https:\/\/www.oncovitta.com.br\/#\/schema\/person\/8266214e2a517b334e2eabf4c2bda958\",\"name\":\"hudson\",\"image\":{\"@type\":\"ImageObject\",\"inLanguage\":\"pt-BR\",\"@id\":\"https:\/\/www.oncovitta.com.br\/#\/schema\/person\/image\/\",\"url\":\"https:\/\/secure.gravatar.com\/avatar\/8c4f52b52195fa605642db0f145dc3cf?s=96&d=mm&r=g\",\"contentUrl\":\"https:\/\/secure.gravatar.com\/avatar\/8c4f52b52195fa605642db0f145dc3cf?s=96&d=mm&r=g\",\"caption\":\"hudson\"},\"url\":\"https:\/\/oncovitta.com.br\/index.php\/author\/hudson\/\"}]}<\/script>\n<!-- \/ Yoast SEO plugin. -->","yoast_head_json":{"title":"TV Morena refor\u00e7a a\u00e7\u00f5es do outubro rosa com orienta\u00e7\u00e3o e preven\u00e7\u00e3o - Oncovitta","robots":{"index":"index","follow":"follow","max-snippet":"max-snippet:-1","max-image-preview":"max-image-preview:large","max-video-preview":"max-video-preview:-1"},"canonical":"https:\/\/oncovitta.com.br\/index.php\/2023\/10\/31\/tv-morena-reforca-acoes-do-outubro-rosa-com-orientacao-e-prevencao\/","og_locale":"pt_BR","og_type":"article","og_title":"TV Morena refor\u00e7a a\u00e7\u00f5es do outubro rosa com orienta\u00e7\u00e3o e preven\u00e7\u00e3o - Oncovitta","og_description":"Na \u00faltima sexta-feira, dia 27 de outubro, o Grupo RCM de Comunica\u00e7\u00e3o &#8211; TV Morena, promoveu um dia dedicado \u00e0 preven\u00e7\u00e3o em prol do Outubro Rosa, um movimento global que visa conscientizar sobre a import\u00e2ncia da detec\u00e7\u00e3o precoce do c\u00e2ncer de mama. A ocasi\u00e3o foi marcada por uma palestra ministrada pelo m\u00e9dico oncologista, Dr. Fabr\u00edcio Colacino, para os colaboradores da TV Morena. O evento representou o encerramento das atividades alusivas ao Outubro Rosa da TV Morena, bem como o in\u00edcio das a\u00e7\u00f5es dedicadas ao Novembro Azul, que tem como foco a sa\u00fade masculina e a luta contra o c\u00e2ncer de pr\u00f3stata. Uma emocionante experi\u00eancia de supera\u00e7\u00e3o foi compartilhada por Laudic\u00e9ia Melgarejo, que, gra\u00e7as \u00e0 detec\u00e7\u00e3o precoce atrav\u00e9s do autoexame, superou a doen\u00e7a. Laudic\u00e9ia destacou a import\u00e2ncia do papel da fam\u00edlia, quest\u00f5es psicol\u00f3gicas e a significativa influ\u00eancia da equipe multidisciplinar durante o tratamento. Ela ressaltou a diferen\u00e7a que o tratamento humanizado faz na sua jornada como paciente. Dr. Fabr\u00edcio expressou sua gratid\u00e3o a Laudic\u00e9ia por compartilhar sua hist\u00f3ria como um alerta e uma fonte de inspira\u00e7\u00e3o para outros. O m\u00e9dico tamb\u00e9m apresentou informa\u00e7\u00f5es t\u00e9cnicas de maneira acess\u00edvel, destacando a import\u00e2ncia do Outubro Rosa e enfatizando que o combate ao c\u00e2ncer come\u00e7a com informa\u00e7\u00e3o, preven\u00e7\u00e3o e detec\u00e7\u00e3o precoce. O encontro permitiu que o audit\u00f3rio tirasse d\u00favidas, obtivesse informa\u00e7\u00f5es valiosas sobre a preven\u00e7\u00e3o do c\u00e2ncer de mama e aprendesse sobre a pr\u00f3xima campanha do Novembro Azul. A TV Morena refor\u00e7ou seu compromisso com a conscientiza\u00e7\u00e3o e a difus\u00e3o de informa\u00e7\u00f5es sobre sa\u00fade p\u00fablica, e a parceria com Dr. Fabr\u00edcio Colacino tem sido essencial nessa busca pela conscientiza\u00e7\u00e3o e combate ao c\u00e2ncer. Durante todo o m\u00eas de outubro, a torre da TV Morena \u00e9 iluminada em tons de rosa, simbolizando o compromisso da emissora com a causa. Em novembro, a torre \u00e9 iluminada em tons de azul. A\u00e7\u00f5es de preven\u00e7\u00e3o e informa\u00e7\u00f5es educativas s\u00e3o promovidas internamente, e reportagens informativas e esquetes dedicadas \u00e0 conscientiza\u00e7\u00e3o sobre a import\u00e2ncia da detec\u00e7\u00e3o precoce e do combate ao c\u00e2ncer s\u00e3o veiculadas no per\u00edodo. O evento na TV Morena e as atividades do Outubro Rosa e Novembro Azul refletem o compromisso da TV e de profissionais como Dr. Fabr\u00edcio Colacino em ajudar a comunidade a vencer o c\u00e2ncer com conhecimento, preven\u00e7\u00e3o e solidariedade.","og_url":"https:\/\/oncovitta.com.br\/index.php\/2023\/10\/31\/tv-morena-reforca-acoes-do-outubro-rosa-com-orientacao-e-prevencao\/","og_site_name":"Oncovitta","article_published_time":"2023-10-31T19:28:40+00:00","article_modified_time":"2023-10-31T19:43:17+00:00","og_image":[{"width":1080,"height":1080,"url":"https:\/\/oncovitta.com.br\/wp-content\/uploads\/2023\/10\/Design-sem-nome-36.png","type":"image\/png"}],"author":"hudson","twitter_card":"summary_large_image","twitter_misc":{"Escrito por":"hudson","Est. tempo de leitura":"3 minutos"},"schema":{"@context":"https:\/\/schema.org","@graph":[{"@type":"WebPage","@id":"https:\/\/oncovitta.com.br\/index.php\/2023\/10\/31\/tv-morena-reforca-acoes-do-outubro-rosa-com-orientacao-e-prevencao\/","url":"https:\/\/oncovitta.com.br\/index.php\/2023\/10\/31\/tv-morena-reforca-acoes-do-outubro-rosa-com-orientacao-e-prevencao\/","name":"TV Morena refor\u00e7a a\u00e7\u00f5es do outubro rosa com orienta\u00e7\u00e3o e preven\u00e7\u00e3o - Oncovitta","isPartOf":{"@id":"https:\/\/www.oncovitta.com.br\/#website"},"primaryImageOfPage":{"@id":"https:\/\/oncovitta.com.br\/index.php\/2023\/10\/31\/tv-morena-reforca-acoes-do-outubro-rosa-com-orientacao-e-prevencao\/#primaryimage"},"image":{"@id":"https:\/\/oncovitta.com.br\/index.php\/2023\/10\/31\/tv-morena-reforca-acoes-do-outubro-rosa-com-orientacao-e-prevencao\/#primaryimage"},"thumbnailUrl":"https:\/\/oncovitta.com.br\/wp-content\/uploads\/2023\/10\/Design-sem-nome-36.png","datePublished":"2023-10-31T19:28:40+00:00","dateModified":"2023-10-31T19:43:17+00:00","author":{"@id":"https:\/\/www.oncovitta.com.br\/#\/schema\/person\/8266214e2a517b334e2eabf4c2bda958"},"breadcrumb":{"@id":"https:\/\/oncovitta.com.br\/index.php\/2023\/10\/31\/tv-morena-reforca-acoes-do-outubro-rosa-com-orientacao-e-prevencao\/#breadcrumb"},"inLanguage":"pt-BR","potentialAction":[{"@type":"ReadAction","target":["https:\/\/oncovitta.com.br\/index.php\/2023\/10\/31\/tv-morena-reforca-acoes-do-outubro-rosa-com-orientacao-e-prevencao\/"]}]},{"@type":"ImageObject","inLanguage":"pt-BR","@id":"https:\/\/oncovitta.com.br\/index.php\/2023\/10\/31\/tv-morena-reforca-acoes-do-outubro-rosa-com-orientacao-e-prevencao\/#primaryimage","url":"https:\/\/oncovitta.com.br\/wp-content\/uploads\/2023\/10\/Design-sem-nome-36.png","contentUrl":"https:\/\/oncovitta.com.br\/wp-content\/uploads\/2023\/10\/Design-sem-nome-36.png","width":1080,"height":1080},{"@type":"BreadcrumbList","@id":"https:\/\/oncovitta.com.br\/index.php\/2023\/10\/31\/tv-morena-reforca-acoes-do-outubro-rosa-com-orientacao-e-prevencao\/#breadcrumb","itemListElement":[{"@type":"ListItem","position":1,"name":"In\u00edcio","item":"https:\/\/www.oncovitta.com.br\/"},{"@type":"ListItem","position":2,"name":"TV Morena refor\u00e7a a\u00e7\u00f5es do outubro rosa com orienta\u00e7\u00e3o e preven\u00e7\u00e3o"}]},{"@type":"WebSite","@id":"https:\/\/www.oncovitta.com.br\/#website","url":"https:\/\/www.oncovitta.com.br\/","name":"Oncovitta","description":"","potentialAction":[{"@type":"SearchAction","target":{"@type":"EntryPoint","urlTemplate":"https:\/\/www.oncovitta.com.br\/?s={search_term_string}"},"query-input":{"@type":"PropertyValueSpecification","valueRequired":true,"valueName":"search_term_string"}}],"inLanguage":"pt-BR"},{"@type":"Person","@id":"https:\/\/www.oncovitta.com.br\/#\/schema\/person\/8266214e2a517b334e2eabf4c2bda958","name":"hudson","image":{"@type":"ImageObject","inLanguage":"pt-BR","@id":"https:\/\/www.oncovitta.com.br\/#\/schema\/person\/image\/","url":"https:\/\/secure.gravatar.com\/avatar\/8c4f52b52195fa605642db0f145dc3cf?s=96&d=mm&r=g","contentUrl":"https:\/\/secure.gravatar.com\/avatar\/8c4f52b52195fa605642db0f145dc3cf?s=96&d=mm&r=g","caption":"hudson"},"url":"https:\/\/oncovitta.com.br\/index.php\/author\/hudson\/"}]}},"_links":{"self":[{"href":"https:\/\/oncovitta.com.br\/index.php\/wp-json\/wp\/v2\/posts\/701"}],"collection":[{"href":"https:\/\/oncovitta.com.br\/index.php\/wp-json\/wp\/v2\/posts"}],"about":[{"href":"https:\/\/oncovitta.com.br\/index.php\/wp-json\/wp\/v2\/types\/post"}],"author":[{"embeddable":true,"href":"https:\/\/oncovitta.com.br\/index.php\/wp-json\/wp\/v2\/users\/3"}],"replies":[{"embeddable":true,"href":"https:\/\/oncovitta.com.br\/index.php\/wp-json\/wp\/v2\/comments?post=701"}],"version-history":[{"count":2,"href":"https:\/\/oncovitta.com.br\/index.php\/wp-json\/wp\/v2\/posts\/701\/revisions"}],"predecessor-version":[{"id":711,"href":"https:\/\/oncovitta.com.br\/index.php\/wp-json\/wp\/v2\/posts\/701\/revisions\/711"}],"wp:featuredmedia":[{"embeddable":true,"href":"https:\/\/oncovitta.com.br\/index.php\/wp-json\/wp\/v2\/media\/709"}],"wp:attachment":[{"href":"https:\/\/oncovitta.com.br\/index.php\/wp-json\/wp\/v2\/media?parent=701"}],"wp:term":[{"taxonomy":"category","embeddable":true,"href":"https:\/\/oncovitta.com.br\/index.php\/wp-json\/wp\/v2\/categories?post=701"},{"taxonomy":"post_tag","embeddable":true,"href":"https:\/\/oncovitta.com.br\/index.php\/wp-json\/wp\/v2\/tags?post=701"}],"curies":[{"name":"wp","href":"https:\/\/api.w.org\/{rel}","templated":true}]}}