{"id":718,"date":"2023-11-17T15:23:51","date_gmt":"2023-11-17T15:23:51","guid":{"rendered":"https:\/?p=718"},"modified":"2023-11-17T20:35:49","modified_gmt":"2023-11-17T20:35:49","slug":"oncovitta-marca-presenca-no-xxiv-congresso-brasileiro-de-oncologia-clinica-no-rio-de-janeiro","status":"publish","type":"post","link":"https:\/\/oncovitta.com.br\/index.php\/2023\/11\/17\/oncovitta-marca-presenca-no-xxiv-congresso-brasileiro-de-oncologia-clinica-no-rio-de-janeiro\/","title":{"rendered":"Oncovitta marca presen\u00e7a no XXIV Congresso Brasileiro de Oncologia Cl\u00ednica no Rio de Janeiro."},"content":{"rendered":"\n<p><\/p>\n\n\n\n<figure class=\"wp-block-image size-large\"><img fetchpriority=\"high\" decoding=\"async\" width=\"1024\" height=\"1024\" src=\"\/\/\/wp-content\/uploads\/2023\/11\/Design-sem-nome-50-1024x1024.png\" alt=\"\" class=\"wp-image-719\" srcset=\"https:\/\/oncovitta.com.br\/wp-content\/uploads\/2023\/11\/Design-sem-nome-50-1024x1024.png 1024w, https:\/\/oncovitta.com.br\/wp-content\/uploads\/2023\/11\/Design-sem-nome-50-300x300.png 300w, https:\/\/oncovitta.com.br\/wp-content\/uploads\/2023\/11\/Design-sem-nome-50-150x150.png 150w, https:\/\/oncovitta.com.br\/wp-content\/uploads\/2023\/11\/Design-sem-nome-50-768x768.png 768w, https:\/\/oncovitta.com.br\/wp-content\/uploads\/2023\/11\/Design-sem-nome-50.png 1080w\" sizes=\"(max-width: 1024px) 100vw, 1024px\" \/><\/figure>\n\n\n\n<p><\/p>\n\n\n\n<p>Nos dias 16 a 18 de novembro, na Barra da Tijuca &#8211; RJ, acontece o XXIV Congresso Brasileiro de Oncologia Cl\u00ednica, promovido pela Sociedade Brasileira de Oncologia Cl\u00ednica (SBOC). Este ano, o lema do evento, &#8220;Acesso e Equidade&#8221;, destaca a import\u00e2ncia de discutir as novidades da oncologia cl\u00ednica com foco nas disponibilidades e ofertas dos cuidados.<\/p>\n\n\n\n<p>O evento conta com a participa\u00e7\u00e3o de renomados especialistas nacionais e internacionais, proporcionando um ambiente prop\u00edcio para a troca de experi\u00eancias e a dissemina\u00e7\u00e3o de conhecimentos fundamentais para o avan\u00e7o no tratamento oncol\u00f3gico.<\/p>\n\n\n\n<p><strong>Destaques da Programa\u00e7\u00e3o:<\/strong><\/p>\n\n\n\n<p>Lan\u00e7amento da Alian\u00e7a Brasileira de Combate ao C\u00e2ncer de Pulm\u00e3o: Uma iniciativa que promete impactar positivamente o enfrentamento dessa doen\u00e7a desafiadora.<\/p>\n\n\n\n<p>Abertura da IV Semana Brasileira da Oncologia: Um espa\u00e7o dedicado \u00e0 reflex\u00e3o e discuss\u00e3o sobre os avan\u00e7os e desafios na \u00e1rea oncol\u00f3gica.<\/p>\n\n\n\n<p>Aconselhamento Gen\u00e9tico Atual e Futuro: Explorando os aspectos pr\u00e1ticos dessa importante vertente da medicina, com destaque para as inova\u00e7\u00f5es que moldar\u00e3o o futuro do aconselhamento gen\u00e9tico.<\/p>\n\n\n\n<p>Dentre os participantes, representando a Oncovitta, est\u00e3o o m\u00e9dico Dr. Jo\u00e3o Paulo do Amaral Filho, o farmac\u00eautico Kleber Kobayashi, e a farmac\u00eauticos Michella de Arruda. Sua presen\u00e7a refor\u00e7a o compromisso da Oncovitta em se manter na vanguarda das discuss\u00f5es e pr\u00e1ticas no cen\u00e1rio oncol\u00f3gico, sempre visando proporcionar o melhor para seus pacientes.<\/p>\n\n\n\n<p>O congresso promete ser um marco significativo para a oncologia no Brasil, abordando temas cruciais e reunindo profissionais comprometidos com o avan\u00e7o e a humaniza\u00e7\u00e3o no tratamento do c\u00e2ncer.<\/p>\n","protected":false},"excerpt":{"rendered":"<p>Nos dias 16 a 18 de novembro, na Barra da Tijuca &#8211; RJ, acontece o XXIV Congresso Brasileiro de Oncologia Cl\u00ednica, promovido pela Sociedade Brasileira de Oncologia Cl\u00ednica (SBOC). Este ano, o lema do evento, &#8220;Acesso e Equidade&#8221;, destaca a import\u00e2ncia de discutir as novidades da oncologia cl\u00ednica com foco nas disponibilidades e ofertas dos cuidados. O evento conta com a participa\u00e7\u00e3o de renomados especialistas nacionais e internacionais, proporcionando um ambiente prop\u00edcio para a troca de experi\u00eancias e a dissemina\u00e7\u00e3o de conhecimentos fundamentais para o avan\u00e7o no tratamento oncol\u00f3gico. Destaques da Programa\u00e7\u00e3o: Lan\u00e7amento da Alian\u00e7a Brasileira de Combate ao C\u00e2ncer de Pulm\u00e3o: Uma iniciativa que promete impactar positivamente o enfrentamento dessa doen\u00e7a desafiadora. Abertura da IV Semana Brasileira da Oncologia: Um espa\u00e7o dedicado \u00e0 reflex\u00e3o e discuss\u00e3o sobre os avan\u00e7os e desafios na \u00e1rea oncol\u00f3gica. Aconselhamento Gen\u00e9tico Atual e Futuro: Explorando os aspectos pr\u00e1ticos dessa importante vertente da medicina, com destaque para as inova\u00e7\u00f5es que moldar\u00e3o o futuro do aconselhamento gen\u00e9tico. Dentre os participantes, representando a Oncovitta, est\u00e3o o m\u00e9dico Dr. Jo\u00e3o Paulo do Amaral Filho, o farmac\u00eautico Kleber Kobayashi, e a farmac\u00eauticos Michella de Arruda. Sua presen\u00e7a refor\u00e7a o compromisso da Oncovitta em se manter na vanguarda das discuss\u00f5es e pr\u00e1ticas no cen\u00e1rio oncol\u00f3gico, sempre visando proporcionar o melhor para seus pacientes. O congresso promete ser um marco significativo para a oncologia no Brasil, abordando temas cruciais e reunindo profissionais comprometidos com o avan\u00e7o e a humaniza\u00e7\u00e3o no tratamento do c\u00e2ncer.<\/p>\n","protected":false},"author":3,"featured_media":720,"comment_status":"open","ping_status":"open","sticky":false,"template":"","format":"standard","meta":{"footnotes":""},"categories":[1],"tags":[],"yoast_head":"<!-- This site is optimized with the Yoast SEO plugin v24.4 - https:\/\/yoast.com\/wordpress\/plugins\/seo\/ -->\n<title>Oncovitta marca presen\u00e7a no XXIV Congresso Brasileiro de Oncologia Cl\u00ednica no Rio de Janeiro. - Oncovitta<\/title>\n<meta name=\"robots\" content=\"index, follow, max-snippet:-1, max-image-preview:large, max-video-preview:-1\" \/>\n<link rel=\"canonical\" href=\"https:\/\/www.oncovitta.com.br\/index.php\/2023\/11\/17\/oncovitta-marca-presenca-no-xxiv-congresso-brasileiro-de-oncologia-clinica-no-rio-de-janeiro\/\" \/>\n<meta property=\"og:locale\" content=\"pt_BR\" \/>\n<meta property=\"og:type\" content=\"article\" \/>\n<meta property=\"og:title\" content=\"Oncovitta marca presen\u00e7a no XXIV Congresso Brasileiro de Oncologia Cl\u00ednica no Rio de Janeiro. - Oncovitta\" \/>\n<meta property=\"og:description\" content=\"Nos dias 16 a 18 de novembro, na Barra da Tijuca &#8211; RJ, acontece o XXIV Congresso Brasileiro de Oncologia Cl\u00ednica, promovido pela Sociedade Brasileira de Oncologia Cl\u00ednica (SBOC). Este ano, o lema do evento, &#8220;Acesso e Equidade&#8221;, destaca a import\u00e2ncia de discutir as novidades da oncologia cl\u00ednica com foco nas disponibilidades e ofertas dos cuidados. O evento conta com a participa\u00e7\u00e3o de renomados especialistas nacionais e internacionais, proporcionando um ambiente prop\u00edcio para a troca de experi\u00eancias e a dissemina\u00e7\u00e3o de conhecimentos fundamentais para o avan\u00e7o no tratamento oncol\u00f3gico. Destaques da Programa\u00e7\u00e3o: Lan\u00e7amento da Alian\u00e7a Brasileira de Combate ao C\u00e2ncer de Pulm\u00e3o: Uma iniciativa que promete impactar positivamente o enfrentamento dessa doen\u00e7a desafiadora. Abertura da IV Semana Brasileira da Oncologia: Um espa\u00e7o dedicado \u00e0 reflex\u00e3o e discuss\u00e3o sobre os avan\u00e7os e desafios na \u00e1rea oncol\u00f3gica. Aconselhamento Gen\u00e9tico Atual e Futuro: Explorando os aspectos pr\u00e1ticos dessa importante vertente da medicina, com destaque para as inova\u00e7\u00f5es que moldar\u00e3o o futuro do aconselhamento gen\u00e9tico. Dentre os participantes, representando a Oncovitta, est\u00e3o o m\u00e9dico Dr. Jo\u00e3o Paulo do Amaral Filho, o farmac\u00eautico Kleber Kobayashi, e a farmac\u00eauticos Michella de Arruda. Sua presen\u00e7a refor\u00e7a o compromisso da Oncovitta em se manter na vanguarda das discuss\u00f5es e pr\u00e1ticas no cen\u00e1rio oncol\u00f3gico, sempre visando proporcionar o melhor para seus pacientes. O congresso promete ser um marco significativo para a oncologia no Brasil, abordando temas cruciais e reunindo profissionais comprometidos com o avan\u00e7o e a humaniza\u00e7\u00e3o no tratamento do c\u00e2ncer.\" \/>\n<meta property=\"og:url\" content=\"https:\/\/www.oncovitta.com.br\/index.php\/2023\/11\/17\/oncovitta-marca-presenca-no-xxiv-congresso-brasileiro-de-oncologia-clinica-no-rio-de-janeiro\/\" \/>\n<meta property=\"og:site_name\" content=\"Oncovitta\" \/>\n<meta property=\"article:published_time\" content=\"2023-11-17T15:23:51+00:00\" \/>\n<meta property=\"article:modified_time\" content=\"2023-11-17T20:35:49+00:00\" \/>\n<meta property=\"og:image\" content=\"https:\/\/www.oncovitta.com.br\/wp-content\/uploads\/2023\/11\/Design-sem-nome-51.png\" \/>\n\t<meta property=\"og:image:width\" content=\"1080\" \/>\n\t<meta property=\"og:image:height\" content=\"1080\" \/>\n\t<meta property=\"og:image:type\" content=\"image\/png\" \/>\n<meta name=\"author\" content=\"hudson\" \/>\n<meta name=\"twitter:card\" content=\"summary_large_image\" \/>\n<meta name=\"twitter:label1\" content=\"Escrito por\" \/>\n\t<meta name=\"twitter:data1\" content=\"hudson\" \/>\n\t<meta name=\"twitter:label2\" content=\"Est. tempo de leitura\" \/>\n\t<meta name=\"twitter:data2\" content=\"2 minutos\" \/>\n<script type=\"application\/ld+json\" class=\"yoast-schema-graph\">{\"@context\":\"https:\/\/schema.org\",\"@graph\":[{\"@type\":\"WebPage\",\"@id\":\"https:\/\/www.oncovitta.com.br\/index.php\/2023\/11\/17\/oncovitta-marca-presenca-no-xxiv-congresso-brasileiro-de-oncologia-clinica-no-rio-de-janeiro\/\",\"url\":\"https:\/\/www.oncovitta.com.br\/index.php\/2023\/11\/17\/oncovitta-marca-presenca-no-xxiv-congresso-brasileiro-de-oncologia-clinica-no-rio-de-janeiro\/\",\"name\":\"Oncovitta marca presen\u00e7a no XXIV Congresso Brasileiro de Oncologia Cl\u00ednica no Rio de Janeiro. - Oncovitta\",\"isPartOf\":{\"@id\":\"https:\/\/www.oncovitta.com.br\/#website\"},\"primaryImageOfPage\":{\"@id\":\"https:\/\/www.oncovitta.com.br\/index.php\/2023\/11\/17\/oncovitta-marca-presenca-no-xxiv-congresso-brasileiro-de-oncologia-clinica-no-rio-de-janeiro\/#primaryimage\"},\"image\":{\"@id\":\"https:\/\/www.oncovitta.com.br\/index.php\/2023\/11\/17\/oncovitta-marca-presenca-no-xxiv-congresso-brasileiro-de-oncologia-clinica-no-rio-de-janeiro\/#primaryimage\"},\"thumbnailUrl\":\"https:\/\/oncovitta.com.br\/wp-content\/uploads\/2023\/11\/Design-sem-nome-51.png\",\"datePublished\":\"2023-11-17T15:23:51+00:00\",\"dateModified\":\"2023-11-17T20:35:49+00:00\",\"author\":{\"@id\":\"https:\/\/www.oncovitta.com.br\/#\/schema\/person\/8266214e2a517b334e2eabf4c2bda958\"},\"breadcrumb\":{\"@id\":\"https:\/\/www.oncovitta.com.br\/index.php\/2023\/11\/17\/oncovitta-marca-presenca-no-xxiv-congresso-brasileiro-de-oncologia-clinica-no-rio-de-janeiro\/#breadcrumb\"},\"inLanguage\":\"pt-BR\",\"potentialAction\":[{\"@type\":\"ReadAction\",\"target\":[\"https:\/\/www.oncovitta.com.br\/index.php\/2023\/11\/17\/oncovitta-marca-presenca-no-xxiv-congresso-brasileiro-de-oncologia-clinica-no-rio-de-janeiro\/\"]}]},{\"@type\":\"ImageObject\",\"inLanguage\":\"pt-BR\",\"@id\":\"https:\/\/www.oncovitta.com.br\/index.php\/2023\/11\/17\/oncovitta-marca-presenca-no-xxiv-congresso-brasileiro-de-oncologia-clinica-no-rio-de-janeiro\/#primaryimage\",\"url\":\"https:\/\/oncovitta.com.br\/wp-content\/uploads\/2023\/11\/Design-sem-nome-51.png\",\"contentUrl\":\"https:\/\/oncovitta.com.br\/wp-content\/uploads\/2023\/11\/Design-sem-nome-51.png\",\"width\":1080,\"height\":1080},{\"@type\":\"BreadcrumbList\",\"@id\":\"https:\/\/www.oncovitta.com.br\/index.php\/2023\/11\/17\/oncovitta-marca-presenca-no-xxiv-congresso-brasileiro-de-oncologia-clinica-no-rio-de-janeiro\/#breadcrumb\",\"itemListElement\":[{\"@type\":\"ListItem\",\"position\":1,\"name\":\"In\u00edcio\",\"item\":\"https:\/\/www.oncovitta.com.br\/\"},{\"@type\":\"ListItem\",\"position\":2,\"name\":\"Oncovitta marca presen\u00e7a no XXIV Congresso Brasileiro de Oncologia Cl\u00ednica no Rio de Janeiro.\"}]},{\"@type\":\"WebSite\",\"@id\":\"https:\/\/www.oncovitta.com.br\/#website\",\"url\":\"https:\/\/www.oncovitta.com.br\/\",\"name\":\"Oncovitta\",\"description\":\"\",\"potentialAction\":[{\"@type\":\"SearchAction\",\"target\":{\"@type\":\"EntryPoint\",\"urlTemplate\":\"https:\/\/www.oncovitta.com.br\/?s={search_term_string}\"},\"query-input\":{\"@type\":\"PropertyValueSpecification\",\"valueRequired\":true,\"valueName\":\"search_term_string\"}}],\"inLanguage\":\"pt-BR\"},{\"@type\":\"Person\",\"@id\":\"https:\/\/www.oncovitta.com.br\/#\/schema\/person\/8266214e2a517b334e2eabf4c2bda958\",\"name\":\"hudson\",\"image\":{\"@type\":\"ImageObject\",\"inLanguage\":\"pt-BR\",\"@id\":\"https:\/\/www.oncovitta.com.br\/#\/schema\/person\/image\/\",\"url\":\"https:\/\/secure.gravatar.com\/avatar\/8c4f52b52195fa605642db0f145dc3cf?s=96&d=mm&r=g\",\"contentUrl\":\"https:\/\/secure.gravatar.com\/avatar\/8c4f52b52195fa605642db0f145dc3cf?s=96&d=mm&r=g\",\"caption\":\"hudson\"},\"url\":\"https:\/\/oncovitta.com.br\/index.php\/author\/hudson\/\"}]}<\/script>\n<!-- \/ Yoast SEO plugin. -->","yoast_head_json":{"title":"Oncovitta marca presen\u00e7a no XXIV Congresso Brasileiro de Oncologia Cl\u00ednica no Rio de Janeiro. - Oncovitta","robots":{"index":"index","follow":"follow","max-snippet":"max-snippet:-1","max-image-preview":"max-image-preview:large","max-video-preview":"max-video-preview:-1"},"canonical":"https:\/\/www.oncovitta.com.br\/index.php\/2023\/11\/17\/oncovitta-marca-presenca-no-xxiv-congresso-brasileiro-de-oncologia-clinica-no-rio-de-janeiro\/","og_locale":"pt_BR","og_type":"article","og_title":"Oncovitta marca presen\u00e7a no XXIV Congresso Brasileiro de Oncologia Cl\u00ednica no Rio de Janeiro. - Oncovitta","og_description":"Nos dias 16 a 18 de novembro, na Barra da Tijuca &#8211; RJ, acontece o XXIV Congresso Brasileiro de Oncologia Cl\u00ednica, promovido pela Sociedade Brasileira de Oncologia Cl\u00ednica (SBOC). Este ano, o lema do evento, &#8220;Acesso e Equidade&#8221;, destaca a import\u00e2ncia de discutir as novidades da oncologia cl\u00ednica com foco nas disponibilidades e ofertas dos cuidados. O evento conta com a participa\u00e7\u00e3o de renomados especialistas nacionais e internacionais, proporcionando um ambiente prop\u00edcio para a troca de experi\u00eancias e a dissemina\u00e7\u00e3o de conhecimentos fundamentais para o avan\u00e7o no tratamento oncol\u00f3gico. Destaques da Programa\u00e7\u00e3o: Lan\u00e7amento da Alian\u00e7a Brasileira de Combate ao C\u00e2ncer de Pulm\u00e3o: Uma iniciativa que promete impactar positivamente o enfrentamento dessa doen\u00e7a desafiadora. Abertura da IV Semana Brasileira da Oncologia: Um espa\u00e7o dedicado \u00e0 reflex\u00e3o e discuss\u00e3o sobre os avan\u00e7os e desafios na \u00e1rea oncol\u00f3gica. Aconselhamento Gen\u00e9tico Atual e Futuro: Explorando os aspectos pr\u00e1ticos dessa importante vertente da medicina, com destaque para as inova\u00e7\u00f5es que moldar\u00e3o o futuro do aconselhamento gen\u00e9tico. Dentre os participantes, representando a Oncovitta, est\u00e3o o m\u00e9dico Dr. Jo\u00e3o Paulo do Amaral Filho, o farmac\u00eautico Kleber Kobayashi, e a farmac\u00eauticos Michella de Arruda. Sua presen\u00e7a refor\u00e7a o compromisso da Oncovitta em se manter na vanguarda das discuss\u00f5es e pr\u00e1ticas no cen\u00e1rio oncol\u00f3gico, sempre visando proporcionar o melhor para seus pacientes. O congresso promete ser um marco significativo para a oncologia no Brasil, abordando temas cruciais e reunindo profissionais comprometidos com o avan\u00e7o e a humaniza\u00e7\u00e3o no tratamento do c\u00e2ncer.","og_url":"https:\/\/www.oncovitta.com.br\/index.php\/2023\/11\/17\/oncovitta-marca-presenca-no-xxiv-congresso-brasileiro-de-oncologia-clinica-no-rio-de-janeiro\/","og_site_name":"Oncovitta","article_published_time":"2023-11-17T15:23:51+00:00","article_modified_time":"2023-11-17T20:35:49+00:00","og_image":[{"width":1080,"height":1080,"url":"https:\/\/www.oncovitta.com.br\/wp-content\/uploads\/2023\/11\/Design-sem-nome-51.png","type":"image\/png"}],"author":"hudson","twitter_card":"summary_large_image","twitter_misc":{"Escrito por":"hudson","Est. tempo de leitura":"2 minutos"},"schema":{"@context":"https:\/\/schema.org","@graph":[{"@type":"WebPage","@id":"https:\/\/www.oncovitta.com.br\/index.php\/2023\/11\/17\/oncovitta-marca-presenca-no-xxiv-congresso-brasileiro-de-oncologia-clinica-no-rio-de-janeiro\/","url":"https:\/\/www.oncovitta.com.br\/index.php\/2023\/11\/17\/oncovitta-marca-presenca-no-xxiv-congresso-brasileiro-de-oncologia-clinica-no-rio-de-janeiro\/","name":"Oncovitta marca presen\u00e7a no XXIV Congresso Brasileiro de Oncologia Cl\u00ednica no Rio de Janeiro. - Oncovitta","isPartOf":{"@id":"https:\/\/www.oncovitta.com.br\/#website"},"primaryImageOfPage":{"@id":"https:\/\/www.oncovitta.com.br\/index.php\/2023\/11\/17\/oncovitta-marca-presenca-no-xxiv-congresso-brasileiro-de-oncologia-clinica-no-rio-de-janeiro\/#primaryimage"},"image":{"@id":"https:\/\/www.oncovitta.com.br\/index.php\/2023\/11\/17\/oncovitta-marca-presenca-no-xxiv-congresso-brasileiro-de-oncologia-clinica-no-rio-de-janeiro\/#primaryimage"},"thumbnailUrl":"https:\/\/oncovitta.com.br\/wp-content\/uploads\/2023\/11\/Design-sem-nome-51.png","datePublished":"2023-11-17T15:23:51+00:00","dateModified":"2023-11-17T20:35:49+00:00","author":{"@id":"https:\/\/www.oncovitta.com.br\/#\/schema\/person\/8266214e2a517b334e2eabf4c2bda958"},"breadcrumb":{"@id":"https:\/\/www.oncovitta.com.br\/index.php\/2023\/11\/17\/oncovitta-marca-presenca-no-xxiv-congresso-brasileiro-de-oncologia-clinica-no-rio-de-janeiro\/#breadcrumb"},"inLanguage":"pt-BR","potentialAction":[{"@type":"ReadAction","target":["https:\/\/www.oncovitta.com.br\/index.php\/2023\/11\/17\/oncovitta-marca-presenca-no-xxiv-congresso-brasileiro-de-oncologia-clinica-no-rio-de-janeiro\/"]}]},{"@type":"ImageObject","inLanguage":"pt-BR","@id":"https:\/\/www.oncovitta.com.br\/index.php\/2023\/11\/17\/oncovitta-marca-presenca-no-xxiv-congresso-brasileiro-de-oncologia-clinica-no-rio-de-janeiro\/#primaryimage","url":"https:\/\/oncovitta.com.br\/wp-content\/uploads\/2023\/11\/Design-sem-nome-51.png","contentUrl":"https:\/\/oncovitta.com.br\/wp-content\/uploads\/2023\/11\/Design-sem-nome-51.png","width":1080,"height":1080},{"@type":"BreadcrumbList","@id":"https:\/\/www.oncovitta.com.br\/index.php\/2023\/11\/17\/oncovitta-marca-presenca-no-xxiv-congresso-brasileiro-de-oncologia-clinica-no-rio-de-janeiro\/#breadcrumb","itemListElement":[{"@type":"ListItem","position":1,"name":"In\u00edcio","item":"https:\/\/www.oncovitta.com.br\/"},{"@type":"ListItem","position":2,"name":"Oncovitta marca presen\u00e7a no XXIV Congresso Brasileiro de Oncologia Cl\u00ednica no Rio de Janeiro."}]},{"@type":"WebSite","@id":"https:\/\/www.oncovitta.com.br\/#website","url":"https:\/\/www.oncovitta.com.br\/","name":"Oncovitta","description":"","potentialAction":[{"@type":"SearchAction","target":{"@type":"EntryPoint","urlTemplate":"https:\/\/www.oncovitta.com.br\/?s={search_term_string}"},"query-input":{"@type":"PropertyValueSpecification","valueRequired":true,"valueName":"search_term_string"}}],"inLanguage":"pt-BR"},{"@type":"Person","@id":"https:\/\/www.oncovitta.com.br\/#\/schema\/person\/8266214e2a517b334e2eabf4c2bda958","name":"hudson","image":{"@type":"ImageObject","inLanguage":"pt-BR","@id":"https:\/\/www.oncovitta.com.br\/#\/schema\/person\/image\/","url":"https:\/\/secure.gravatar.com\/avatar\/8c4f52b52195fa605642db0f145dc3cf?s=96&d=mm&r=g","contentUrl":"https:\/\/secure.gravatar.com\/avatar\/8c4f52b52195fa605642db0f145dc3cf?s=96&d=mm&r=g","caption":"hudson"},"url":"https:\/\/oncovitta.com.br\/index.php\/author\/hudson\/"}]}},"_links":{"self":[{"href":"https:\/\/oncovitta.com.br\/index.php\/wp-json\/wp\/v2\/posts\/718"}],"collection":[{"href":"https:\/\/oncovitta.com.br\/index.php\/wp-json\/wp\/v2\/posts"}],"about":[{"href":"https:\/\/oncovitta.com.br\/index.php\/wp-json\/wp\/v2\/types\/post"}],"author":[{"embeddable":true,"href":"https:\/\/oncovitta.com.br\/index.php\/wp-json\/wp\/v2\/users\/3"}],"replies":[{"embeddable":true,"href":"https:\/\/oncovitta.com.br\/index.php\/wp-json\/wp\/v2\/comments?post=718"}],"version-history":[{"count":2,"href":"https:\/\/oncovitta.com.br\/index.php\/wp-json\/wp\/v2\/posts\/718\/revisions"}],"predecessor-version":[{"id":723,"href":"https:\/\/oncovitta.com.br\/index.php\/wp-json\/wp\/v2\/posts\/718\/revisions\/723"}],"wp:featuredmedia":[{"embeddable":true,"href":"https:\/\/oncovitta.com.br\/index.php\/wp-json\/wp\/v2\/media\/720"}],"wp:attachment":[{"href":"https:\/\/oncovitta.com.br\/index.php\/wp-json\/wp\/v2\/media?parent=718"}],"wp:term":[{"taxonomy":"category","embeddable":true,"href":"https:\/\/oncovitta.com.br\/index.php\/wp-json\/wp\/v2\/categories?post=718"},{"taxonomy":"post_tag","embeddable":true,"href":"https:\/\/oncovitta.com.br\/index.php\/wp-json\/wp\/v2\/tags?post=718"}],"curies":[{"name":"wp","href":"https:\/\/api.w.org\/{rel}","templated":true}]}}