{"id":728,"date":"2023-11-21T18:47:42","date_gmt":"2023-11-21T18:47:42","guid":{"rendered":"https:\/?p=728"},"modified":"2023-11-21T18:47:42","modified_gmt":"2023-11-21T18:47:42","slug":"calor-cuidados-especiais-para-criancas","status":"publish","type":"post","link":"https:\/\/oncovitta.com.br\/index.php\/2023\/11\/21\/calor-cuidados-especiais-para-criancas\/","title":{"rendered":"Calor: Cuidados especiais para Crian\u00e7as"},"content":{"rendered":"\n<p><\/p>\n\n\n\n<figure class=\"wp-block-image size-large\"><img fetchpriority=\"high\" decoding=\"async\" width=\"1024\" height=\"1024\" src=\"\/\/\/wp-content\/uploads\/2023\/11\/Design-sem-nome-59-1024x1024.png\" alt=\"\" class=\"wp-image-729\" srcset=\"https:\/\/oncovitta.com.br\/wp-content\/uploads\/2023\/11\/Design-sem-nome-59-1024x1024.png 1024w, https:\/\/oncovitta.com.br\/wp-content\/uploads\/2023\/11\/Design-sem-nome-59-300x300.png 300w, https:\/\/oncovitta.com.br\/wp-content\/uploads\/2023\/11\/Design-sem-nome-59-150x150.png 150w, https:\/\/oncovitta.com.br\/wp-content\/uploads\/2023\/11\/Design-sem-nome-59-768x768.png 768w, https:\/\/oncovitta.com.br\/wp-content\/uploads\/2023\/11\/Design-sem-nome-59.png 1080w\" sizes=\"(max-width: 1024px) 100vw, 1024px\" \/><\/figure>\n\n\n\n<p><\/p>\n\n\n\n<p>O calor intenso que estamos experimentando n\u00e3o \u00e9 apenas desconfort\u00e1vel, mas tamb\u00e9m representa um desafio especial para as crian\u00e7as e beb\u00eas. O pediatra Dr. Renato Hideki Yamada, da OncoVitta, alerta para os riscos de desidrata\u00e7\u00e3o e insola\u00e7\u00e3o nesses dias mais quentes e compartilha valiosas dicas para garantir o bem-estar dos pequenos.<\/p>\n\n\n\n<p>Escolha Alimentos Adequados:<\/p>\n\n\n\n<p>Evitar alimentos que possam causar alergias ou s\u00edndromes diarreicas \u00e9 crucial, especialmente em dias mais quentes. O calor, por si s\u00f3, pode predispor \u00e0 desidrata\u00e7\u00e3o, e uma dieta inadequada pode agravar ainda mais essa condi\u00e7\u00e3o.<\/p>\n\n\n\n<p>Prote\u00e7\u00e3o Solar Di\u00e1ria:<\/p>\n\n\n\n<p>O uso do protetor solar \u00e9 essencial, mesmo em ambientes fechados, como na escola. Seguir as recomenda\u00e7\u00f5es espec\u00edficas para cada faixa et\u00e1ria garante uma prote\u00e7\u00e3o eficaz.<\/p>\n\n\n\n<p>Evitar Mudan\u00e7as Bruscas de Temperatura:<\/p>\n\n\n\n<p>Embora nem sempre seja poss\u00edvel evitar mudan\u00e7as de temperatura, \u00e9 ideal manter as crian\u00e7as em locais mais frescos, fora da exposi\u00e7\u00e3o direta aos raios solares, especialmente entre as 10h e as 16h.<\/p>\n\n\n\n<p>Cautela em Ambientes Recreativos:<\/p>\n\n\n\n<p>Com o aumento da frequ\u00eancia das fam\u00edlias em ambientes como praia, parques e piscinas, a aten\u00e7\u00e3o deve ser redobrada. Nessas \u00e1reas, as crian\u00e7as est\u00e3o mais propensas a acidentes, como afogamentos e traumatismos.<\/p>\n\n\n\n<p>Hidrata\u00e7\u00e3o Adequada:<\/p>\n\n\n\n<p>Oferecer \u00e1gua de acordo com o peso e a faixa et\u00e1ria da crian\u00e7a \u00e9 fundamental. As recomenda\u00e7\u00f5es da Sociedade Brasileira de Pediatria para a quantidade di\u00e1ria variam conforme a idade, esta\u00e7\u00e3o do ano, pr\u00e1tica de atividade f\u00edsica e alimenta\u00e7\u00e3o.<\/p>\n\n\n\n<p>Enfrentar o calor com crian\u00e7as exige uma abordagem cuidadosa e proativa. Ao seguir essas dicas valiosas, garantimos n\u00e3o apenas a divers\u00e3o segura nos dias quentes, mas tamb\u00e9m promovemos a sa\u00fade e o bem-estar cont\u00ednuos dos nossos pequenos. Proteg\u00ea-los do calor n\u00e3o \u00e9 apenas uma medida preventiva, mas um ato de amor e responsabilidade.<\/p>\n","protected":false},"excerpt":{"rendered":"<p>O calor intenso que estamos experimentando n\u00e3o \u00e9 apenas desconfort\u00e1vel, mas tamb\u00e9m representa um desafio especial para as crian\u00e7as e beb\u00eas. O pediatra Dr. Renato Hideki Yamada, da OncoVitta, alerta para os riscos de desidrata\u00e7\u00e3o e insola\u00e7\u00e3o nesses dias mais quentes e compartilha valiosas dicas para garantir o bem-estar dos pequenos. Escolha Alimentos Adequados: Evitar alimentos que possam causar alergias ou s\u00edndromes diarreicas \u00e9 crucial, especialmente em dias mais quentes. O calor, por si s\u00f3, pode predispor \u00e0 desidrata\u00e7\u00e3o, e uma dieta inadequada pode agravar ainda mais essa condi\u00e7\u00e3o. Prote\u00e7\u00e3o Solar Di\u00e1ria: O uso do protetor solar \u00e9 essencial, mesmo em ambientes fechados, como na escola. Seguir as recomenda\u00e7\u00f5es espec\u00edficas para cada faixa et\u00e1ria garante uma prote\u00e7\u00e3o eficaz. Evitar Mudan\u00e7as Bruscas de Temperatura: Embora nem sempre seja poss\u00edvel evitar mudan\u00e7as de temperatura, \u00e9 ideal manter as crian\u00e7as em locais mais frescos, fora da exposi\u00e7\u00e3o direta aos raios solares, especialmente entre as 10h e as 16h. Cautela em Ambientes Recreativos: Com o aumento da frequ\u00eancia das fam\u00edlias em ambientes como praia, parques e piscinas, a aten\u00e7\u00e3o deve ser redobrada. Nessas \u00e1reas, as crian\u00e7as est\u00e3o mais propensas a acidentes, como afogamentos e traumatismos. Hidrata\u00e7\u00e3o Adequada: Oferecer \u00e1gua de acordo com o peso e a faixa et\u00e1ria da crian\u00e7a \u00e9 fundamental. As recomenda\u00e7\u00f5es da Sociedade Brasileira de Pediatria para a quantidade di\u00e1ria variam conforme a idade, esta\u00e7\u00e3o do ano, pr\u00e1tica de atividade f\u00edsica e alimenta\u00e7\u00e3o. Enfrentar o calor com crian\u00e7as exige uma abordagem cuidadosa e proativa. Ao seguir essas dicas valiosas, garantimos n\u00e3o apenas a divers\u00e3o segura nos dias quentes, mas tamb\u00e9m promovemos a sa\u00fade e o bem-estar cont\u00ednuos dos nossos pequenos. Proteg\u00ea-los do calor n\u00e3o \u00e9 apenas uma medida preventiva, mas um ato de amor e responsabilidade.<\/p>\n","protected":false},"author":3,"featured_media":730,"comment_status":"open","ping_status":"open","sticky":false,"template":"","format":"standard","meta":{"footnotes":""},"categories":[1],"tags":[],"yoast_head":"<!-- This site is optimized with the Yoast SEO plugin v24.4 - https:\/\/yoast.com\/wordpress\/plugins\/seo\/ -->\n<title>Calor: Cuidados especiais para Crian\u00e7as - Oncovitta<\/title>\n<meta name=\"robots\" content=\"index, follow, max-snippet:-1, max-image-preview:large, max-video-preview:-1\" \/>\n<link rel=\"canonical\" href=\"https:\/\/oncovitta.com.br\/index.php\/2023\/11\/21\/calor-cuidados-especiais-para-criancas\/\" \/>\n<meta property=\"og:locale\" content=\"pt_BR\" \/>\n<meta property=\"og:type\" content=\"article\" \/>\n<meta property=\"og:title\" content=\"Calor: Cuidados especiais para Crian\u00e7as - Oncovitta\" \/>\n<meta property=\"og:description\" content=\"O calor intenso que estamos experimentando n\u00e3o \u00e9 apenas desconfort\u00e1vel, mas tamb\u00e9m representa um desafio especial para as crian\u00e7as e beb\u00eas. O pediatra Dr. Renato Hideki Yamada, da OncoVitta, alerta para os riscos de desidrata\u00e7\u00e3o e insola\u00e7\u00e3o nesses dias mais quentes e compartilha valiosas dicas para garantir o bem-estar dos pequenos. Escolha Alimentos Adequados: Evitar alimentos que possam causar alergias ou s\u00edndromes diarreicas \u00e9 crucial, especialmente em dias mais quentes. O calor, por si s\u00f3, pode predispor \u00e0 desidrata\u00e7\u00e3o, e uma dieta inadequada pode agravar ainda mais essa condi\u00e7\u00e3o. Prote\u00e7\u00e3o Solar Di\u00e1ria: O uso do protetor solar \u00e9 essencial, mesmo em ambientes fechados, como na escola. Seguir as recomenda\u00e7\u00f5es espec\u00edficas para cada faixa et\u00e1ria garante uma prote\u00e7\u00e3o eficaz. Evitar Mudan\u00e7as Bruscas de Temperatura: Embora nem sempre seja poss\u00edvel evitar mudan\u00e7as de temperatura, \u00e9 ideal manter as crian\u00e7as em locais mais frescos, fora da exposi\u00e7\u00e3o direta aos raios solares, especialmente entre as 10h e as 16h. Cautela em Ambientes Recreativos: Com o aumento da frequ\u00eancia das fam\u00edlias em ambientes como praia, parques e piscinas, a aten\u00e7\u00e3o deve ser redobrada. Nessas \u00e1reas, as crian\u00e7as est\u00e3o mais propensas a acidentes, como afogamentos e traumatismos. Hidrata\u00e7\u00e3o Adequada: Oferecer \u00e1gua de acordo com o peso e a faixa et\u00e1ria da crian\u00e7a \u00e9 fundamental. As recomenda\u00e7\u00f5es da Sociedade Brasileira de Pediatria para a quantidade di\u00e1ria variam conforme a idade, esta\u00e7\u00e3o do ano, pr\u00e1tica de atividade f\u00edsica e alimenta\u00e7\u00e3o. Enfrentar o calor com crian\u00e7as exige uma abordagem cuidadosa e proativa. Ao seguir essas dicas valiosas, garantimos n\u00e3o apenas a divers\u00e3o segura nos dias quentes, mas tamb\u00e9m promovemos a sa\u00fade e o bem-estar cont\u00ednuos dos nossos pequenos. Proteg\u00ea-los do calor n\u00e3o \u00e9 apenas uma medida preventiva, mas um ato de amor e responsabilidade.\" \/>\n<meta property=\"og:url\" content=\"https:\/\/oncovitta.com.br\/index.php\/2023\/11\/21\/calor-cuidados-especiais-para-criancas\/\" \/>\n<meta property=\"og:site_name\" content=\"Oncovitta\" \/>\n<meta property=\"article:published_time\" content=\"2023-11-21T18:47:42+00:00\" \/>\n<meta property=\"og:image\" content=\"https:\/\/oncovitta.com.br\/wp-content\/uploads\/2023\/11\/Design-sem-nome-58.png\" \/>\n\t<meta property=\"og:image:width\" content=\"1080\" \/>\n\t<meta property=\"og:image:height\" content=\"1080\" \/>\n\t<meta property=\"og:image:type\" content=\"image\/png\" \/>\n<meta name=\"author\" content=\"hudson\" \/>\n<meta name=\"twitter:card\" content=\"summary_large_image\" \/>\n<meta name=\"twitter:label1\" content=\"Escrito por\" \/>\n\t<meta name=\"twitter:data1\" content=\"hudson\" \/>\n\t<meta name=\"twitter:label2\" content=\"Est. tempo de leitura\" \/>\n\t<meta name=\"twitter:data2\" content=\"2 minutos\" \/>\n<script type=\"application\/ld+json\" class=\"yoast-schema-graph\">{\"@context\":\"https:\/\/schema.org\",\"@graph\":[{\"@type\":\"WebPage\",\"@id\":\"https:\/\/oncovitta.com.br\/index.php\/2023\/11\/21\/calor-cuidados-especiais-para-criancas\/\",\"url\":\"https:\/\/oncovitta.com.br\/index.php\/2023\/11\/21\/calor-cuidados-especiais-para-criancas\/\",\"name\":\"Calor: Cuidados especiais para Crian\u00e7as - Oncovitta\",\"isPartOf\":{\"@id\":\"https:\/\/www.oncovitta.com.br\/#website\"},\"primaryImageOfPage\":{\"@id\":\"https:\/\/oncovitta.com.br\/index.php\/2023\/11\/21\/calor-cuidados-especiais-para-criancas\/#primaryimage\"},\"image\":{\"@id\":\"https:\/\/oncovitta.com.br\/index.php\/2023\/11\/21\/calor-cuidados-especiais-para-criancas\/#primaryimage\"},\"thumbnailUrl\":\"https:\/\/oncovitta.com.br\/wp-content\/uploads\/2023\/11\/Design-sem-nome-58.png\",\"datePublished\":\"2023-11-21T18:47:42+00:00\",\"author\":{\"@id\":\"https:\/\/www.oncovitta.com.br\/#\/schema\/person\/8266214e2a517b334e2eabf4c2bda958\"},\"breadcrumb\":{\"@id\":\"https:\/\/oncovitta.com.br\/index.php\/2023\/11\/21\/calor-cuidados-especiais-para-criancas\/#breadcrumb\"},\"inLanguage\":\"pt-BR\",\"potentialAction\":[{\"@type\":\"ReadAction\",\"target\":[\"https:\/\/oncovitta.com.br\/index.php\/2023\/11\/21\/calor-cuidados-especiais-para-criancas\/\"]}]},{\"@type\":\"ImageObject\",\"inLanguage\":\"pt-BR\",\"@id\":\"https:\/\/oncovitta.com.br\/index.php\/2023\/11\/21\/calor-cuidados-especiais-para-criancas\/#primaryimage\",\"url\":\"https:\/\/oncovitta.com.br\/wp-content\/uploads\/2023\/11\/Design-sem-nome-58.png\",\"contentUrl\":\"https:\/\/oncovitta.com.br\/wp-content\/uploads\/2023\/11\/Design-sem-nome-58.png\",\"width\":1080,\"height\":1080},{\"@type\":\"BreadcrumbList\",\"@id\":\"https:\/\/oncovitta.com.br\/index.php\/2023\/11\/21\/calor-cuidados-especiais-para-criancas\/#breadcrumb\",\"itemListElement\":[{\"@type\":\"ListItem\",\"position\":1,\"name\":\"In\u00edcio\",\"item\":\"https:\/\/www.oncovitta.com.br\/\"},{\"@type\":\"ListItem\",\"position\":2,\"name\":\"Calor: Cuidados especiais para Crian\u00e7as\"}]},{\"@type\":\"WebSite\",\"@id\":\"https:\/\/www.oncovitta.com.br\/#website\",\"url\":\"https:\/\/www.oncovitta.com.br\/\",\"name\":\"Oncovitta\",\"description\":\"\",\"potentialAction\":[{\"@type\":\"SearchAction\",\"target\":{\"@type\":\"EntryPoint\",\"urlTemplate\":\"https:\/\/www.oncovitta.com.br\/?s={search_term_string}\"},\"query-input\":{\"@type\":\"PropertyValueSpecification\",\"valueRequired\":true,\"valueName\":\"search_term_string\"}}],\"inLanguage\":\"pt-BR\"},{\"@type\":\"Person\",\"@id\":\"https:\/\/www.oncovitta.com.br\/#\/schema\/person\/8266214e2a517b334e2eabf4c2bda958\",\"name\":\"hudson\",\"image\":{\"@type\":\"ImageObject\",\"inLanguage\":\"pt-BR\",\"@id\":\"https:\/\/www.oncovitta.com.br\/#\/schema\/person\/image\/\",\"url\":\"https:\/\/secure.gravatar.com\/avatar\/8c4f52b52195fa605642db0f145dc3cf?s=96&d=mm&r=g\",\"contentUrl\":\"https:\/\/secure.gravatar.com\/avatar\/8c4f52b52195fa605642db0f145dc3cf?s=96&d=mm&r=g\",\"caption\":\"hudson\"},\"url\":\"https:\/\/oncovitta.com.br\/index.php\/author\/hudson\/\"}]}<\/script>\n<!-- \/ Yoast SEO plugin. -->","yoast_head_json":{"title":"Calor: Cuidados especiais para Crian\u00e7as - Oncovitta","robots":{"index":"index","follow":"follow","max-snippet":"max-snippet:-1","max-image-preview":"max-image-preview:large","max-video-preview":"max-video-preview:-1"},"canonical":"https:\/\/oncovitta.com.br\/index.php\/2023\/11\/21\/calor-cuidados-especiais-para-criancas\/","og_locale":"pt_BR","og_type":"article","og_title":"Calor: Cuidados especiais para Crian\u00e7as - Oncovitta","og_description":"O calor intenso que estamos experimentando n\u00e3o \u00e9 apenas desconfort\u00e1vel, mas tamb\u00e9m representa um desafio especial para as crian\u00e7as e beb\u00eas. O pediatra Dr. Renato Hideki Yamada, da OncoVitta, alerta para os riscos de desidrata\u00e7\u00e3o e insola\u00e7\u00e3o nesses dias mais quentes e compartilha valiosas dicas para garantir o bem-estar dos pequenos. Escolha Alimentos Adequados: Evitar alimentos que possam causar alergias ou s\u00edndromes diarreicas \u00e9 crucial, especialmente em dias mais quentes. O calor, por si s\u00f3, pode predispor \u00e0 desidrata\u00e7\u00e3o, e uma dieta inadequada pode agravar ainda mais essa condi\u00e7\u00e3o. Prote\u00e7\u00e3o Solar Di\u00e1ria: O uso do protetor solar \u00e9 essencial, mesmo em ambientes fechados, como na escola. Seguir as recomenda\u00e7\u00f5es espec\u00edficas para cada faixa et\u00e1ria garante uma prote\u00e7\u00e3o eficaz. Evitar Mudan\u00e7as Bruscas de Temperatura: Embora nem sempre seja poss\u00edvel evitar mudan\u00e7as de temperatura, \u00e9 ideal manter as crian\u00e7as em locais mais frescos, fora da exposi\u00e7\u00e3o direta aos raios solares, especialmente entre as 10h e as 16h. Cautela em Ambientes Recreativos: Com o aumento da frequ\u00eancia das fam\u00edlias em ambientes como praia, parques e piscinas, a aten\u00e7\u00e3o deve ser redobrada. Nessas \u00e1reas, as crian\u00e7as est\u00e3o mais propensas a acidentes, como afogamentos e traumatismos. Hidrata\u00e7\u00e3o Adequada: Oferecer \u00e1gua de acordo com o peso e a faixa et\u00e1ria da crian\u00e7a \u00e9 fundamental. As recomenda\u00e7\u00f5es da Sociedade Brasileira de Pediatria para a quantidade di\u00e1ria variam conforme a idade, esta\u00e7\u00e3o do ano, pr\u00e1tica de atividade f\u00edsica e alimenta\u00e7\u00e3o. Enfrentar o calor com crian\u00e7as exige uma abordagem cuidadosa e proativa. Ao seguir essas dicas valiosas, garantimos n\u00e3o apenas a divers\u00e3o segura nos dias quentes, mas tamb\u00e9m promovemos a sa\u00fade e o bem-estar cont\u00ednuos dos nossos pequenos. Proteg\u00ea-los do calor n\u00e3o \u00e9 apenas uma medida preventiva, mas um ato de amor e responsabilidade.","og_url":"https:\/\/oncovitta.com.br\/index.php\/2023\/11\/21\/calor-cuidados-especiais-para-criancas\/","og_site_name":"Oncovitta","article_published_time":"2023-11-21T18:47:42+00:00","og_image":[{"width":1080,"height":1080,"url":"https:\/\/oncovitta.com.br\/wp-content\/uploads\/2023\/11\/Design-sem-nome-58.png","type":"image\/png"}],"author":"hudson","twitter_card":"summary_large_image","twitter_misc":{"Escrito por":"hudson","Est. tempo de leitura":"2 minutos"},"schema":{"@context":"https:\/\/schema.org","@graph":[{"@type":"WebPage","@id":"https:\/\/oncovitta.com.br\/index.php\/2023\/11\/21\/calor-cuidados-especiais-para-criancas\/","url":"https:\/\/oncovitta.com.br\/index.php\/2023\/11\/21\/calor-cuidados-especiais-para-criancas\/","name":"Calor: Cuidados especiais para Crian\u00e7as - Oncovitta","isPartOf":{"@id":"https:\/\/www.oncovitta.com.br\/#website"},"primaryImageOfPage":{"@id":"https:\/\/oncovitta.com.br\/index.php\/2023\/11\/21\/calor-cuidados-especiais-para-criancas\/#primaryimage"},"image":{"@id":"https:\/\/oncovitta.com.br\/index.php\/2023\/11\/21\/calor-cuidados-especiais-para-criancas\/#primaryimage"},"thumbnailUrl":"https:\/\/oncovitta.com.br\/wp-content\/uploads\/2023\/11\/Design-sem-nome-58.png","datePublished":"2023-11-21T18:47:42+00:00","author":{"@id":"https:\/\/www.oncovitta.com.br\/#\/schema\/person\/8266214e2a517b334e2eabf4c2bda958"},"breadcrumb":{"@id":"https:\/\/oncovitta.com.br\/index.php\/2023\/11\/21\/calor-cuidados-especiais-para-criancas\/#breadcrumb"},"inLanguage":"pt-BR","potentialAction":[{"@type":"ReadAction","target":["https:\/\/oncovitta.com.br\/index.php\/2023\/11\/21\/calor-cuidados-especiais-para-criancas\/"]}]},{"@type":"ImageObject","inLanguage":"pt-BR","@id":"https:\/\/oncovitta.com.br\/index.php\/2023\/11\/21\/calor-cuidados-especiais-para-criancas\/#primaryimage","url":"https:\/\/oncovitta.com.br\/wp-content\/uploads\/2023\/11\/Design-sem-nome-58.png","contentUrl":"https:\/\/oncovitta.com.br\/wp-content\/uploads\/2023\/11\/Design-sem-nome-58.png","width":1080,"height":1080},{"@type":"BreadcrumbList","@id":"https:\/\/oncovitta.com.br\/index.php\/2023\/11\/21\/calor-cuidados-especiais-para-criancas\/#breadcrumb","itemListElement":[{"@type":"ListItem","position":1,"name":"In\u00edcio","item":"https:\/\/www.oncovitta.com.br\/"},{"@type":"ListItem","position":2,"name":"Calor: Cuidados especiais para Crian\u00e7as"}]},{"@type":"WebSite","@id":"https:\/\/www.oncovitta.com.br\/#website","url":"https:\/\/www.oncovitta.com.br\/","name":"Oncovitta","description":"","potentialAction":[{"@type":"SearchAction","target":{"@type":"EntryPoint","urlTemplate":"https:\/\/www.oncovitta.com.br\/?s={search_term_string}"},"query-input":{"@type":"PropertyValueSpecification","valueRequired":true,"valueName":"search_term_string"}}],"inLanguage":"pt-BR"},{"@type":"Person","@id":"https:\/\/www.oncovitta.com.br\/#\/schema\/person\/8266214e2a517b334e2eabf4c2bda958","name":"hudson","image":{"@type":"ImageObject","inLanguage":"pt-BR","@id":"https:\/\/www.oncovitta.com.br\/#\/schema\/person\/image\/","url":"https:\/\/secure.gravatar.com\/avatar\/8c4f52b52195fa605642db0f145dc3cf?s=96&d=mm&r=g","contentUrl":"https:\/\/secure.gravatar.com\/avatar\/8c4f52b52195fa605642db0f145dc3cf?s=96&d=mm&r=g","caption":"hudson"},"url":"https:\/\/oncovitta.com.br\/index.php\/author\/hudson\/"}]}},"_links":{"self":[{"href":"https:\/\/oncovitta.com.br\/index.php\/wp-json\/wp\/v2\/posts\/728"}],"collection":[{"href":"https:\/\/oncovitta.com.br\/index.php\/wp-json\/wp\/v2\/posts"}],"about":[{"href":"https:\/\/oncovitta.com.br\/index.php\/wp-json\/wp\/v2\/types\/post"}],"author":[{"embeddable":true,"href":"https:\/\/oncovitta.com.br\/index.php\/wp-json\/wp\/v2\/users\/3"}],"replies":[{"embeddable":true,"href":"https:\/\/oncovitta.com.br\/index.php\/wp-json\/wp\/v2\/comments?post=728"}],"version-history":[{"count":1,"href":"https:\/\/oncovitta.com.br\/index.php\/wp-json\/wp\/v2\/posts\/728\/revisions"}],"predecessor-version":[{"id":731,"href":"https:\/\/oncovitta.com.br\/index.php\/wp-json\/wp\/v2\/posts\/728\/revisions\/731"}],"wp:featuredmedia":[{"embeddable":true,"href":"https:\/\/oncovitta.com.br\/index.php\/wp-json\/wp\/v2\/media\/730"}],"wp:attachment":[{"href":"https:\/\/oncovitta.com.br\/index.php\/wp-json\/wp\/v2\/media?parent=728"}],"wp:term":[{"taxonomy":"category","embeddable":true,"href":"https:\/\/oncovitta.com.br\/index.php\/wp-json\/wp\/v2\/categories?post=728"},{"taxonomy":"post_tag","embeddable":true,"href":"https:\/\/oncovitta.com.br\/index.php\/wp-json\/wp\/v2\/tags?post=728"}],"curies":[{"name":"wp","href":"https:\/\/api.w.org\/{rel}","templated":true}]}}