{"id":733,"date":"2023-11-27T20:30:40","date_gmt":"2023-11-27T20:30:40","guid":{"rendered":"https:\/?p=733"},"modified":"2023-11-27T20:30:41","modified_gmt":"2023-11-27T20:30:41","slug":"oncovitta-amplia-divulgacao-das-acoes-do-novembro-azul","status":"publish","type":"post","link":"https:\/\/oncovitta.com.br\/index.php\/2023\/11\/27\/oncovitta-amplia-divulgacao-das-acoes-do-novembro-azul\/","title":{"rendered":"Oncovitta amplia divulga\u00e7\u00e3o das a\u00e7\u00f5es do Novembro Azul"},"content":{"rendered":"\n<figure class=\"wp-block-image size-large\"><img fetchpriority=\"high\" decoding=\"async\" width=\"1024\" height=\"1024\" src=\"\/\/\/wp-content\/uploads\/2023\/11\/Design-sem-nome-63-1024x1024.png\" alt=\"\" class=\"wp-image-734\" srcset=\"https:\/\/oncovitta.com.br\/wp-content\/uploads\/2023\/11\/Design-sem-nome-63-1024x1024.png 1024w, https:\/\/oncovitta.com.br\/wp-content\/uploads\/2023\/11\/Design-sem-nome-63-300x300.png 300w, https:\/\/oncovitta.com.br\/wp-content\/uploads\/2023\/11\/Design-sem-nome-63-150x150.png 150w, https:\/\/oncovitta.com.br\/wp-content\/uploads\/2023\/11\/Design-sem-nome-63-768x768.png 768w, https:\/\/oncovitta.com.br\/wp-content\/uploads\/2023\/11\/Design-sem-nome-63.png 1080w\" sizes=\"(max-width: 1024px) 100vw, 1024px\" \/><\/figure>\n\n\n\n<p>No m\u00eas dedicado \u00e0 conscientiza\u00e7\u00e3o sobre o c\u00e2ncer de pr\u00f3stata, a Oncovitta fortalece sua miss\u00e3o de levar informa\u00e7\u00e3o, esperan\u00e7a e cuidado \u00e0 sociedade. Em uma parceria significativa com o programa &#8220;Meu MS&#8221; da TV Morena, a cl\u00ednica teve a oportunidade de participar ativamente de um quadro que tocou o cora\u00e7\u00e3o e inspirou vidas.<\/p>\n\n\n\n<p>No referido quadro, tivemos o privil\u00e9gio de ouvir o testemunho poderoso de um homem que venceu o c\u00e2ncer de pr\u00f3stata, o m\u00e9dico ortopedista do trabalho, Luiz Primo Laraya . Seu relato destaca a import\u00e2ncia vital da descoberta precoce, um testemunho de supera\u00e7\u00e3o e coragem que ressoa como um farol de esperan\u00e7a para muitos.<\/p>\n\n\n\n<p>O Dr. Fabricio Colacino, oncologista da Oncovitta, teve a oportunidade de dialogar com o apresentador Alexandre Cabral sobre tabus que cercam o tema. No provocativo &#8220;Voc\u00ea se Cuida?&#8221;, o Dr. Colacino abordou a ess\u00eancia da preven\u00e7\u00e3o, detalhando os tipos de exames preventivos e os protocolos de atendimento caso o diagn\u00f3stico seja positivo.<\/p>\n\n\n\n<p>Esta participa\u00e7\u00e3o no programa n\u00e3o apenas amplifica a mensagem da Oncovitta sobre a import\u00e2ncia da preven\u00e7\u00e3o do c\u00e2ncer de pr\u00f3stata, mas tamb\u00e9m destaca nosso compromisso com a dissemina\u00e7\u00e3o de informa\u00e7\u00f5es cruciais que podem salvar vidas. Na Oncovitta, investimos n\u00e3o apenas em tratamentos avan\u00e7ados, mas tamb\u00e9m na conscientiza\u00e7\u00e3o da sociedade, acreditando que o conhecimento \u00e9 uma ferramenta poderosa contra o c\u00e2ncer.<\/p>\n\n\n\n<p>O Novembro Azul \u00e9 mais do que uma campanha; \u00e9 um chamado \u00e0 a\u00e7\u00e3o, uma oportunidade para quebrar tabus, incentivar a preven\u00e7\u00e3o e, acima de tudo, celebrar hist\u00f3rias de supera\u00e7\u00e3o. Na Oncovitta, estamos dedicados a liderar essa iniciativa, pavimentando o caminho para um futuro onde o c\u00e2ncer de pr\u00f3stata seja n\u00e3o apenas trat\u00e1vel, mas preven\u00edvel. Unidos, podemos fazer a diferen\u00e7a, e cada voz, cada relato, \u00e9 uma pe\u00e7a vital desse quebra-cabe\u00e7a da conscientiza\u00e7\u00e3o.<\/p>\n\n\n\n<p>Conclu\u00edmos este m\u00eas de Novembro Azul com um profundo agradecimento \u00e0 TV Morena e a todos que se juntaram a n\u00f3s nessa jornada de informa\u00e7\u00e3o e esperan\u00e7a. A Oncovitta reafirma seu compromisso de continuar guiando, educando e, acima de tudo, contribuindo para a constru\u00e7\u00e3o de uma sociedade mais consciente e resiliente. Porque, na Oncovitta, acreditamos que a informa\u00e7\u00e3o \u00e9 o primeiro passo para a transforma\u00e7\u00e3o. A informa\u00e7\u00e3o salva vidas.<\/p>\n\n\n\n<p>Confiram a reportagem no link abaixo<\/p>\n\n\n\n<p><a href=\"https:\/\/globoplay.globo.com\/v\/12143365\/\">https:\/\/globoplay.globo.com\/v\/12143365\/<\/a><\/p>\n","protected":false},"excerpt":{"rendered":"<p>No m\u00eas dedicado \u00e0 conscientiza\u00e7\u00e3o sobre o c\u00e2ncer de pr\u00f3stata, a Oncovitta fortalece sua miss\u00e3o de levar informa\u00e7\u00e3o, esperan\u00e7a e cuidado \u00e0 sociedade. Em uma parceria significativa com o programa &#8220;Meu MS&#8221; da TV Morena, a cl\u00ednica teve a oportunidade de participar ativamente de um quadro que tocou o cora\u00e7\u00e3o e inspirou vidas. No referido quadro, tivemos o privil\u00e9gio de ouvir o testemunho poderoso de um homem que venceu o c\u00e2ncer de pr\u00f3stata, o m\u00e9dico ortopedista do trabalho, Luiz Primo Laraya . Seu relato destaca a import\u00e2ncia vital da descoberta precoce, um testemunho de supera\u00e7\u00e3o e coragem que ressoa como um farol de esperan\u00e7a para muitos. O Dr. Fabricio Colacino, oncologista da Oncovitta, teve a oportunidade de dialogar com o apresentador Alexandre Cabral sobre tabus que cercam o tema. No provocativo &#8220;Voc\u00ea se Cuida?&#8221;, o Dr. Colacino abordou a ess\u00eancia da preven\u00e7\u00e3o, detalhando os tipos de exames preventivos e os protocolos de atendimento caso o diagn\u00f3stico seja positivo. Esta participa\u00e7\u00e3o no programa n\u00e3o apenas amplifica a mensagem da Oncovitta sobre a import\u00e2ncia da preven\u00e7\u00e3o do c\u00e2ncer de pr\u00f3stata, mas tamb\u00e9m destaca nosso compromisso com a dissemina\u00e7\u00e3o de informa\u00e7\u00f5es cruciais que podem salvar vidas. Na Oncovitta, investimos n\u00e3o apenas em tratamentos avan\u00e7ados, mas tamb\u00e9m na conscientiza\u00e7\u00e3o da sociedade, acreditando que o conhecimento \u00e9 uma ferramenta poderosa contra o c\u00e2ncer. O Novembro Azul \u00e9 mais do que uma campanha; \u00e9 um chamado \u00e0 a\u00e7\u00e3o, uma oportunidade para quebrar tabus, incentivar a preven\u00e7\u00e3o e, acima de tudo, celebrar hist\u00f3rias de supera\u00e7\u00e3o. Na Oncovitta, estamos dedicados a liderar essa iniciativa, pavimentando o caminho para um futuro onde o c\u00e2ncer de pr\u00f3stata seja n\u00e3o apenas trat\u00e1vel, mas preven\u00edvel. Unidos, podemos fazer a diferen\u00e7a, e cada voz, cada relato, \u00e9 uma pe\u00e7a vital desse quebra-cabe\u00e7a da conscientiza\u00e7\u00e3o. Conclu\u00edmos este m\u00eas de Novembro Azul com um profundo agradecimento \u00e0 TV Morena e a todos que se juntaram a n\u00f3s nessa jornada de informa\u00e7\u00e3o e esperan\u00e7a. A Oncovitta reafirma seu compromisso de continuar guiando, educando e, acima de tudo, contribuindo para a constru\u00e7\u00e3o de uma sociedade mais consciente e resiliente. Porque, na Oncovitta, acreditamos que a informa\u00e7\u00e3o \u00e9 o primeiro passo para a transforma\u00e7\u00e3o. A informa\u00e7\u00e3o salva vidas. Confiram a reportagem no link abaixo https:\/\/globoplay.globo.com\/v\/12143365\/<\/p>\n","protected":false},"author":3,"featured_media":735,"comment_status":"open","ping_status":"open","sticky":false,"template":"","format":"standard","meta":{"footnotes":""},"categories":[1],"tags":[],"yoast_head":"<!-- This site is optimized with the Yoast SEO plugin v24.4 - https:\/\/yoast.com\/wordpress\/plugins\/seo\/ -->\n<title>Oncovitta amplia divulga\u00e7\u00e3o das a\u00e7\u00f5es do Novembro Azul - Oncovitta<\/title>\n<meta name=\"robots\" content=\"index, follow, max-snippet:-1, max-image-preview:large, max-video-preview:-1\" \/>\n<link rel=\"canonical\" href=\"https:\/\/oncovitta.com.br\/index.php\/2023\/11\/27\/oncovitta-amplia-divulgacao-das-acoes-do-novembro-azul\/\" \/>\n<meta property=\"og:locale\" content=\"pt_BR\" \/>\n<meta property=\"og:type\" content=\"article\" \/>\n<meta property=\"og:title\" content=\"Oncovitta amplia divulga\u00e7\u00e3o das a\u00e7\u00f5es do Novembro Azul - Oncovitta\" \/>\n<meta property=\"og:description\" content=\"No m\u00eas dedicado \u00e0 conscientiza\u00e7\u00e3o sobre o c\u00e2ncer de pr\u00f3stata, a Oncovitta fortalece sua miss\u00e3o de levar informa\u00e7\u00e3o, esperan\u00e7a e cuidado \u00e0 sociedade. Em uma parceria significativa com o programa &#8220;Meu MS&#8221; da TV Morena, a cl\u00ednica teve a oportunidade de participar ativamente de um quadro que tocou o cora\u00e7\u00e3o e inspirou vidas. No referido quadro, tivemos o privil\u00e9gio de ouvir o testemunho poderoso de um homem que venceu o c\u00e2ncer de pr\u00f3stata, o m\u00e9dico ortopedista do trabalho, Luiz Primo Laraya . Seu relato destaca a import\u00e2ncia vital da descoberta precoce, um testemunho de supera\u00e7\u00e3o e coragem que ressoa como um farol de esperan\u00e7a para muitos. O Dr. Fabricio Colacino, oncologista da Oncovitta, teve a oportunidade de dialogar com o apresentador Alexandre Cabral sobre tabus que cercam o tema. No provocativo &#8220;Voc\u00ea se Cuida?&#8221;, o Dr. Colacino abordou a ess\u00eancia da preven\u00e7\u00e3o, detalhando os tipos de exames preventivos e os protocolos de atendimento caso o diagn\u00f3stico seja positivo. Esta participa\u00e7\u00e3o no programa n\u00e3o apenas amplifica a mensagem da Oncovitta sobre a import\u00e2ncia da preven\u00e7\u00e3o do c\u00e2ncer de pr\u00f3stata, mas tamb\u00e9m destaca nosso compromisso com a dissemina\u00e7\u00e3o de informa\u00e7\u00f5es cruciais que podem salvar vidas. Na Oncovitta, investimos n\u00e3o apenas em tratamentos avan\u00e7ados, mas tamb\u00e9m na conscientiza\u00e7\u00e3o da sociedade, acreditando que o conhecimento \u00e9 uma ferramenta poderosa contra o c\u00e2ncer. O Novembro Azul \u00e9 mais do que uma campanha; \u00e9 um chamado \u00e0 a\u00e7\u00e3o, uma oportunidade para quebrar tabus, incentivar a preven\u00e7\u00e3o e, acima de tudo, celebrar hist\u00f3rias de supera\u00e7\u00e3o. Na Oncovitta, estamos dedicados a liderar essa iniciativa, pavimentando o caminho para um futuro onde o c\u00e2ncer de pr\u00f3stata seja n\u00e3o apenas trat\u00e1vel, mas preven\u00edvel. Unidos, podemos fazer a diferen\u00e7a, e cada voz, cada relato, \u00e9 uma pe\u00e7a vital desse quebra-cabe\u00e7a da conscientiza\u00e7\u00e3o. Conclu\u00edmos este m\u00eas de Novembro Azul com um profundo agradecimento \u00e0 TV Morena e a todos que se juntaram a n\u00f3s nessa jornada de informa\u00e7\u00e3o e esperan\u00e7a. A Oncovitta reafirma seu compromisso de continuar guiando, educando e, acima de tudo, contribuindo para a constru\u00e7\u00e3o de uma sociedade mais consciente e resiliente. Porque, na Oncovitta, acreditamos que a informa\u00e7\u00e3o \u00e9 o primeiro passo para a transforma\u00e7\u00e3o. A informa\u00e7\u00e3o salva vidas. Confiram a reportagem no link abaixo https:\/\/globoplay.globo.com\/v\/12143365\/\" \/>\n<meta property=\"og:url\" content=\"https:\/\/oncovitta.com.br\/index.php\/2023\/11\/27\/oncovitta-amplia-divulgacao-das-acoes-do-novembro-azul\/\" \/>\n<meta property=\"og:site_name\" content=\"Oncovitta\" \/>\n<meta property=\"article:published_time\" content=\"2023-11-27T20:30:40+00:00\" \/>\n<meta property=\"article:modified_time\" content=\"2023-11-27T20:30:41+00:00\" \/>\n<meta property=\"og:image\" content=\"https:\/\/oncovitta.com.br\/wp-content\/uploads\/2023\/11\/Design-sem-nome-62.png\" \/>\n\t<meta property=\"og:image:width\" content=\"1080\" \/>\n\t<meta property=\"og:image:height\" content=\"1080\" \/>\n\t<meta property=\"og:image:type\" content=\"image\/png\" \/>\n<meta name=\"author\" content=\"hudson\" \/>\n<meta name=\"twitter:card\" content=\"summary_large_image\" \/>\n<meta name=\"twitter:label1\" content=\"Escrito por\" \/>\n\t<meta name=\"twitter:data1\" content=\"hudson\" \/>\n\t<meta name=\"twitter:label2\" content=\"Est. tempo de leitura\" \/>\n\t<meta name=\"twitter:data2\" content=\"3 minutos\" \/>\n<script type=\"application\/ld+json\" class=\"yoast-schema-graph\">{\"@context\":\"https:\/\/schema.org\",\"@graph\":[{\"@type\":\"WebPage\",\"@id\":\"https:\/\/oncovitta.com.br\/index.php\/2023\/11\/27\/oncovitta-amplia-divulgacao-das-acoes-do-novembro-azul\/\",\"url\":\"https:\/\/oncovitta.com.br\/index.php\/2023\/11\/27\/oncovitta-amplia-divulgacao-das-acoes-do-novembro-azul\/\",\"name\":\"Oncovitta amplia divulga\u00e7\u00e3o das a\u00e7\u00f5es do Novembro Azul - Oncovitta\",\"isPartOf\":{\"@id\":\"https:\/\/www.oncovitta.com.br\/#website\"},\"primaryImageOfPage\":{\"@id\":\"https:\/\/oncovitta.com.br\/index.php\/2023\/11\/27\/oncovitta-amplia-divulgacao-das-acoes-do-novembro-azul\/#primaryimage\"},\"image\":{\"@id\":\"https:\/\/oncovitta.com.br\/index.php\/2023\/11\/27\/oncovitta-amplia-divulgacao-das-acoes-do-novembro-azul\/#primaryimage\"},\"thumbnailUrl\":\"https:\/\/oncovitta.com.br\/wp-content\/uploads\/2023\/11\/Design-sem-nome-62.png\",\"datePublished\":\"2023-11-27T20:30:40+00:00\",\"dateModified\":\"2023-11-27T20:30:41+00:00\",\"author\":{\"@id\":\"https:\/\/www.oncovitta.com.br\/#\/schema\/person\/8266214e2a517b334e2eabf4c2bda958\"},\"breadcrumb\":{\"@id\":\"https:\/\/oncovitta.com.br\/index.php\/2023\/11\/27\/oncovitta-amplia-divulgacao-das-acoes-do-novembro-azul\/#breadcrumb\"},\"inLanguage\":\"pt-BR\",\"potentialAction\":[{\"@type\":\"ReadAction\",\"target\":[\"https:\/\/oncovitta.com.br\/index.php\/2023\/11\/27\/oncovitta-amplia-divulgacao-das-acoes-do-novembro-azul\/\"]}]},{\"@type\":\"ImageObject\",\"inLanguage\":\"pt-BR\",\"@id\":\"https:\/\/oncovitta.com.br\/index.php\/2023\/11\/27\/oncovitta-amplia-divulgacao-das-acoes-do-novembro-azul\/#primaryimage\",\"url\":\"https:\/\/oncovitta.com.br\/wp-content\/uploads\/2023\/11\/Design-sem-nome-62.png\",\"contentUrl\":\"https:\/\/oncovitta.com.br\/wp-content\/uploads\/2023\/11\/Design-sem-nome-62.png\",\"width\":1080,\"height\":1080},{\"@type\":\"BreadcrumbList\",\"@id\":\"https:\/\/oncovitta.com.br\/index.php\/2023\/11\/27\/oncovitta-amplia-divulgacao-das-acoes-do-novembro-azul\/#breadcrumb\",\"itemListElement\":[{\"@type\":\"ListItem\",\"position\":1,\"name\":\"In\u00edcio\",\"item\":\"https:\/\/www.oncovitta.com.br\/\"},{\"@type\":\"ListItem\",\"position\":2,\"name\":\"Oncovitta amplia divulga\u00e7\u00e3o das a\u00e7\u00f5es do Novembro Azul\"}]},{\"@type\":\"WebSite\",\"@id\":\"https:\/\/www.oncovitta.com.br\/#website\",\"url\":\"https:\/\/www.oncovitta.com.br\/\",\"name\":\"Oncovitta\",\"description\":\"\",\"potentialAction\":[{\"@type\":\"SearchAction\",\"target\":{\"@type\":\"EntryPoint\",\"urlTemplate\":\"https:\/\/www.oncovitta.com.br\/?s={search_term_string}\"},\"query-input\":{\"@type\":\"PropertyValueSpecification\",\"valueRequired\":true,\"valueName\":\"search_term_string\"}}],\"inLanguage\":\"pt-BR\"},{\"@type\":\"Person\",\"@id\":\"https:\/\/www.oncovitta.com.br\/#\/schema\/person\/8266214e2a517b334e2eabf4c2bda958\",\"name\":\"hudson\",\"image\":{\"@type\":\"ImageObject\",\"inLanguage\":\"pt-BR\",\"@id\":\"https:\/\/www.oncovitta.com.br\/#\/schema\/person\/image\/\",\"url\":\"https:\/\/secure.gravatar.com\/avatar\/8c4f52b52195fa605642db0f145dc3cf?s=96&d=mm&r=g\",\"contentUrl\":\"https:\/\/secure.gravatar.com\/avatar\/8c4f52b52195fa605642db0f145dc3cf?s=96&d=mm&r=g\",\"caption\":\"hudson\"},\"url\":\"https:\/\/oncovitta.com.br\/index.php\/author\/hudson\/\"}]}<\/script>\n<!-- \/ Yoast SEO plugin. -->","yoast_head_json":{"title":"Oncovitta amplia divulga\u00e7\u00e3o das a\u00e7\u00f5es do Novembro Azul - Oncovitta","robots":{"index":"index","follow":"follow","max-snippet":"max-snippet:-1","max-image-preview":"max-image-preview:large","max-video-preview":"max-video-preview:-1"},"canonical":"https:\/\/oncovitta.com.br\/index.php\/2023\/11\/27\/oncovitta-amplia-divulgacao-das-acoes-do-novembro-azul\/","og_locale":"pt_BR","og_type":"article","og_title":"Oncovitta amplia divulga\u00e7\u00e3o das a\u00e7\u00f5es do Novembro Azul - Oncovitta","og_description":"No m\u00eas dedicado \u00e0 conscientiza\u00e7\u00e3o sobre o c\u00e2ncer de pr\u00f3stata, a Oncovitta fortalece sua miss\u00e3o de levar informa\u00e7\u00e3o, esperan\u00e7a e cuidado \u00e0 sociedade. Em uma parceria significativa com o programa &#8220;Meu MS&#8221; da TV Morena, a cl\u00ednica teve a oportunidade de participar ativamente de um quadro que tocou o cora\u00e7\u00e3o e inspirou vidas. No referido quadro, tivemos o privil\u00e9gio de ouvir o testemunho poderoso de um homem que venceu o c\u00e2ncer de pr\u00f3stata, o m\u00e9dico ortopedista do trabalho, Luiz Primo Laraya . Seu relato destaca a import\u00e2ncia vital da descoberta precoce, um testemunho de supera\u00e7\u00e3o e coragem que ressoa como um farol de esperan\u00e7a para muitos. O Dr. Fabricio Colacino, oncologista da Oncovitta, teve a oportunidade de dialogar com o apresentador Alexandre Cabral sobre tabus que cercam o tema. No provocativo &#8220;Voc\u00ea se Cuida?&#8221;, o Dr. Colacino abordou a ess\u00eancia da preven\u00e7\u00e3o, detalhando os tipos de exames preventivos e os protocolos de atendimento caso o diagn\u00f3stico seja positivo. Esta participa\u00e7\u00e3o no programa n\u00e3o apenas amplifica a mensagem da Oncovitta sobre a import\u00e2ncia da preven\u00e7\u00e3o do c\u00e2ncer de pr\u00f3stata, mas tamb\u00e9m destaca nosso compromisso com a dissemina\u00e7\u00e3o de informa\u00e7\u00f5es cruciais que podem salvar vidas. Na Oncovitta, investimos n\u00e3o apenas em tratamentos avan\u00e7ados, mas tamb\u00e9m na conscientiza\u00e7\u00e3o da sociedade, acreditando que o conhecimento \u00e9 uma ferramenta poderosa contra o c\u00e2ncer. O Novembro Azul \u00e9 mais do que uma campanha; \u00e9 um chamado \u00e0 a\u00e7\u00e3o, uma oportunidade para quebrar tabus, incentivar a preven\u00e7\u00e3o e, acima de tudo, celebrar hist\u00f3rias de supera\u00e7\u00e3o. Na Oncovitta, estamos dedicados a liderar essa iniciativa, pavimentando o caminho para um futuro onde o c\u00e2ncer de pr\u00f3stata seja n\u00e3o apenas trat\u00e1vel, mas preven\u00edvel. Unidos, podemos fazer a diferen\u00e7a, e cada voz, cada relato, \u00e9 uma pe\u00e7a vital desse quebra-cabe\u00e7a da conscientiza\u00e7\u00e3o. Conclu\u00edmos este m\u00eas de Novembro Azul com um profundo agradecimento \u00e0 TV Morena e a todos que se juntaram a n\u00f3s nessa jornada de informa\u00e7\u00e3o e esperan\u00e7a. A Oncovitta reafirma seu compromisso de continuar guiando, educando e, acima de tudo, contribuindo para a constru\u00e7\u00e3o de uma sociedade mais consciente e resiliente. Porque, na Oncovitta, acreditamos que a informa\u00e7\u00e3o \u00e9 o primeiro passo para a transforma\u00e7\u00e3o. A informa\u00e7\u00e3o salva vidas. Confiram a reportagem no link abaixo https:\/\/globoplay.globo.com\/v\/12143365\/","og_url":"https:\/\/oncovitta.com.br\/index.php\/2023\/11\/27\/oncovitta-amplia-divulgacao-das-acoes-do-novembro-azul\/","og_site_name":"Oncovitta","article_published_time":"2023-11-27T20:30:40+00:00","article_modified_time":"2023-11-27T20:30:41+00:00","og_image":[{"width":1080,"height":1080,"url":"https:\/\/oncovitta.com.br\/wp-content\/uploads\/2023\/11\/Design-sem-nome-62.png","type":"image\/png"}],"author":"hudson","twitter_card":"summary_large_image","twitter_misc":{"Escrito por":"hudson","Est. tempo de leitura":"3 minutos"},"schema":{"@context":"https:\/\/schema.org","@graph":[{"@type":"WebPage","@id":"https:\/\/oncovitta.com.br\/index.php\/2023\/11\/27\/oncovitta-amplia-divulgacao-das-acoes-do-novembro-azul\/","url":"https:\/\/oncovitta.com.br\/index.php\/2023\/11\/27\/oncovitta-amplia-divulgacao-das-acoes-do-novembro-azul\/","name":"Oncovitta amplia divulga\u00e7\u00e3o das a\u00e7\u00f5es do Novembro Azul - Oncovitta","isPartOf":{"@id":"https:\/\/www.oncovitta.com.br\/#website"},"primaryImageOfPage":{"@id":"https:\/\/oncovitta.com.br\/index.php\/2023\/11\/27\/oncovitta-amplia-divulgacao-das-acoes-do-novembro-azul\/#primaryimage"},"image":{"@id":"https:\/\/oncovitta.com.br\/index.php\/2023\/11\/27\/oncovitta-amplia-divulgacao-das-acoes-do-novembro-azul\/#primaryimage"},"thumbnailUrl":"https:\/\/oncovitta.com.br\/wp-content\/uploads\/2023\/11\/Design-sem-nome-62.png","datePublished":"2023-11-27T20:30:40+00:00","dateModified":"2023-11-27T20:30:41+00:00","author":{"@id":"https:\/\/www.oncovitta.com.br\/#\/schema\/person\/8266214e2a517b334e2eabf4c2bda958"},"breadcrumb":{"@id":"https:\/\/oncovitta.com.br\/index.php\/2023\/11\/27\/oncovitta-amplia-divulgacao-das-acoes-do-novembro-azul\/#breadcrumb"},"inLanguage":"pt-BR","potentialAction":[{"@type":"ReadAction","target":["https:\/\/oncovitta.com.br\/index.php\/2023\/11\/27\/oncovitta-amplia-divulgacao-das-acoes-do-novembro-azul\/"]}]},{"@type":"ImageObject","inLanguage":"pt-BR","@id":"https:\/\/oncovitta.com.br\/index.php\/2023\/11\/27\/oncovitta-amplia-divulgacao-das-acoes-do-novembro-azul\/#primaryimage","url":"https:\/\/oncovitta.com.br\/wp-content\/uploads\/2023\/11\/Design-sem-nome-62.png","contentUrl":"https:\/\/oncovitta.com.br\/wp-content\/uploads\/2023\/11\/Design-sem-nome-62.png","width":1080,"height":1080},{"@type":"BreadcrumbList","@id":"https:\/\/oncovitta.com.br\/index.php\/2023\/11\/27\/oncovitta-amplia-divulgacao-das-acoes-do-novembro-azul\/#breadcrumb","itemListElement":[{"@type":"ListItem","position":1,"name":"In\u00edcio","item":"https:\/\/www.oncovitta.com.br\/"},{"@type":"ListItem","position":2,"name":"Oncovitta amplia divulga\u00e7\u00e3o das a\u00e7\u00f5es do Novembro Azul"}]},{"@type":"WebSite","@id":"https:\/\/www.oncovitta.com.br\/#website","url":"https:\/\/www.oncovitta.com.br\/","name":"Oncovitta","description":"","potentialAction":[{"@type":"SearchAction","target":{"@type":"EntryPoint","urlTemplate":"https:\/\/www.oncovitta.com.br\/?s={search_term_string}"},"query-input":{"@type":"PropertyValueSpecification","valueRequired":true,"valueName":"search_term_string"}}],"inLanguage":"pt-BR"},{"@type":"Person","@id":"https:\/\/www.oncovitta.com.br\/#\/schema\/person\/8266214e2a517b334e2eabf4c2bda958","name":"hudson","image":{"@type":"ImageObject","inLanguage":"pt-BR","@id":"https:\/\/www.oncovitta.com.br\/#\/schema\/person\/image\/","url":"https:\/\/secure.gravatar.com\/avatar\/8c4f52b52195fa605642db0f145dc3cf?s=96&d=mm&r=g","contentUrl":"https:\/\/secure.gravatar.com\/avatar\/8c4f52b52195fa605642db0f145dc3cf?s=96&d=mm&r=g","caption":"hudson"},"url":"https:\/\/oncovitta.com.br\/index.php\/author\/hudson\/"}]}},"_links":{"self":[{"href":"https:\/\/oncovitta.com.br\/index.php\/wp-json\/wp\/v2\/posts\/733"}],"collection":[{"href":"https:\/\/oncovitta.com.br\/index.php\/wp-json\/wp\/v2\/posts"}],"about":[{"href":"https:\/\/oncovitta.com.br\/index.php\/wp-json\/wp\/v2\/types\/post"}],"author":[{"embeddable":true,"href":"https:\/\/oncovitta.com.br\/index.php\/wp-json\/wp\/v2\/users\/3"}],"replies":[{"embeddable":true,"href":"https:\/\/oncovitta.com.br\/index.php\/wp-json\/wp\/v2\/comments?post=733"}],"version-history":[{"count":1,"href":"https:\/\/oncovitta.com.br\/index.php\/wp-json\/wp\/v2\/posts\/733\/revisions"}],"predecessor-version":[{"id":736,"href":"https:\/\/oncovitta.com.br\/index.php\/wp-json\/wp\/v2\/posts\/733\/revisions\/736"}],"wp:featuredmedia":[{"embeddable":true,"href":"https:\/\/oncovitta.com.br\/index.php\/wp-json\/wp\/v2\/media\/735"}],"wp:attachment":[{"href":"https:\/\/oncovitta.com.br\/index.php\/wp-json\/wp\/v2\/media?parent=733"}],"wp:term":[{"taxonomy":"category","embeddable":true,"href":"https:\/\/oncovitta.com.br\/index.php\/wp-json\/wp\/v2\/categories?post=733"},{"taxonomy":"post_tag","embeddable":true,"href":"https:\/\/oncovitta.com.br\/index.php\/wp-json\/wp\/v2\/tags?post=733"}],"curies":[{"name":"wp","href":"https:\/\/api.w.org\/{rel}","templated":true}]}}