{"id":897,"date":"2024-04-05T13:55:13","date_gmt":"2024-04-05T13:55:13","guid":{"rendered":"https:\/?p=897"},"modified":"2024-04-05T13:55:13","modified_gmt":"2024-04-05T13:55:13","slug":"dia-mundial-de-combate-ao-cancer-um-chamado-global-para-acao-e-prevencao","status":"publish","type":"post","link":"https:\/\/oncovitta.com.br\/index.php\/2024\/04\/05\/dia-mundial-de-combate-ao-cancer-um-chamado-global-para-acao-e-prevencao\/","title":{"rendered":"Dia Mundial de Combate ao C\u00e2ncer: Um chamado global para a\u00e7\u00e3o e preven\u00e7\u00e3o"},"content":{"rendered":"\n<p><br>O Dia Mundial de Combate ao C\u00e2ncer \u00e9 um marco global para sensibilizar sobre a crescente incid\u00eancia desta doen\u00e7a, enfatizando a import\u00e2ncia da informa\u00e7\u00e3o, preven\u00e7\u00e3o e controle. Com o c\u00e2ncer representando uma das principais causas de morte mundialmente, a data serve como um alerta para os desafios e estrat\u00e9gias necess\u00e1rias para enfrentar esta enfermidade.<\/p>\n\n\n\n<p><br>O c\u00e2ncer, compreendendo mais de 100 tipos de doen\u00e7as malignas, tem mostrado um aumento alarmante em sua incid\u00eancia globalmente. O Instituto Nacional do C\u00e2ncer (Inca) projeta que o Brasil ter\u00e1 mais de 704 mil novos casos anualmente at\u00e9 2025, com preval\u00eancias significativas de c\u00e2nceres de pele n\u00e3o melanoma, mama, pr\u00f3stata, entre outros. Al\u00e9m disso, aumentos preocupantes em casos de c\u00e2ncer de p\u00e2ncreas e f\u00edgado t\u00eam sido observados, destacando a necessidade de aten\u00e7\u00e3o a essas variantes.<\/p>\n\n\n\n<p><br>Os fatores de risco para o c\u00e2ncer incluem o envelhecimento populacional, h\u00e1bitos como o tabagismo, sedentarismo e dietas ricas em gordura. Lucas Santana, do OncoCenter Dona Helena, destaca a import\u00e2ncia da preven\u00e7\u00e3o prim\u00e1ria, como a ado\u00e7\u00e3o de estilos de vida saud\u00e1veis, e da preven\u00e7\u00e3o secund\u00e1ria, como o diagn\u00f3stico e tratamento precoce de condi\u00e7\u00f5es pr\u00e9-malignas.<\/p>\n\n\n\n<p><br>Medidas preventivas envolvem combater o tabagismo, manter uma alimenta\u00e7\u00e3o equilibrada, limitar o consumo de \u00e1lcool e carnes processadas, manter um peso saud\u00e1vel, praticar exerc\u00edcios f\u00edsicos e proteger-se contra exposi\u00e7\u00e3o excessiva ao sol. Al\u00e9m disso, a vacina\u00e7\u00e3o contra v\u00edrus que podem causar c\u00e2ncer, como o HPV, \u00e9 essencial.<\/p>\n\n\n\n<p><br>A terapia g\u00eanica, uma inova\u00e7\u00e3o no tratamento do c\u00e2ncer, mostra promessas significativas, apesar de seus altos custos. Este tratamento envolve a modifica\u00e7\u00e3o gen\u00e9tica de c\u00e9lulas do paciente para atacar o c\u00e2ncer, uma t\u00e9cnica ainda em estudo e avalia\u00e7\u00e3o pela Anvisa.<\/p>\n\n\n\n<p><br>O Dia Mundial de Combate ao C\u00e2ncer ressalta a urg\u00eancia de ampliar a conscientiza\u00e7\u00e3o, promover a preven\u00e7\u00e3o e inovar nas terapias contra o c\u00e2ncer. \u00c0 medida que a incid\u00eancia da doen\u00e7a cresce, a necessidade de uma a\u00e7\u00e3o global e integrada torna-se cada vez mais cr\u00edtica para reduzir o impacto do c\u00e2ncer na sociedade.<\/p>\n","protected":false},"excerpt":{"rendered":"<p>O Dia Mundial de Combate ao C\u00e2ncer \u00e9 um marco global para sensibilizar sobre a crescente incid\u00eancia desta doen\u00e7a, enfatizando a import\u00e2ncia da informa\u00e7\u00e3o, preven\u00e7\u00e3o e controle. Com o c\u00e2ncer representando uma das principais causas de morte mundialmente, a data serve como um alerta para os desafios e estrat\u00e9gias necess\u00e1rias para enfrentar esta enfermidade. O c\u00e2ncer, compreendendo mais de 100 tipos de doen\u00e7as malignas, tem mostrado um aumento alarmante em sua incid\u00eancia globalmente. O Instituto Nacional do C\u00e2ncer (Inca) projeta que o Brasil ter\u00e1 mais de 704 mil novos casos anualmente at\u00e9 2025, com preval\u00eancias significativas de c\u00e2nceres de pele n\u00e3o melanoma, mama, pr\u00f3stata, entre outros. Al\u00e9m disso, aumentos preocupantes em casos de c\u00e2ncer de p\u00e2ncreas e f\u00edgado t\u00eam sido observados, destacando a necessidade de aten\u00e7\u00e3o a essas variantes. Os fatores de risco para o c\u00e2ncer incluem o envelhecimento populacional, h\u00e1bitos como o tabagismo, sedentarismo e dietas ricas em gordura. Lucas Santana, do OncoCenter Dona Helena, destaca a import\u00e2ncia da preven\u00e7\u00e3o prim\u00e1ria, como a ado\u00e7\u00e3o de estilos de vida saud\u00e1veis, e da preven\u00e7\u00e3o secund\u00e1ria, como o diagn\u00f3stico e tratamento precoce de condi\u00e7\u00f5es pr\u00e9-malignas. Medidas preventivas envolvem combater o tabagismo, manter uma alimenta\u00e7\u00e3o equilibrada, limitar o consumo de \u00e1lcool e carnes processadas, manter um peso saud\u00e1vel, praticar exerc\u00edcios f\u00edsicos e proteger-se contra exposi\u00e7\u00e3o excessiva ao sol. Al\u00e9m disso, a vacina\u00e7\u00e3o contra v\u00edrus que podem causar c\u00e2ncer, como o HPV, \u00e9 essencial. A terapia g\u00eanica, uma inova\u00e7\u00e3o no tratamento do c\u00e2ncer, mostra promessas significativas, apesar de seus altos custos. Este tratamento envolve a modifica\u00e7\u00e3o gen\u00e9tica de c\u00e9lulas do paciente para atacar o c\u00e2ncer, uma t\u00e9cnica ainda em estudo e avalia\u00e7\u00e3o pela Anvisa. O Dia Mundial de Combate ao C\u00e2ncer ressalta a urg\u00eancia de ampliar a conscientiza\u00e7\u00e3o, promover a preven\u00e7\u00e3o e inovar nas terapias contra o c\u00e2ncer. \u00c0 medida que a incid\u00eancia da doen\u00e7a cresce, a necessidade de uma a\u00e7\u00e3o global e integrada torna-se cada vez mais cr\u00edtica para reduzir o impacto do c\u00e2ncer na sociedade.<\/p>\n","protected":false},"author":3,"featured_media":898,"comment_status":"open","ping_status":"open","sticky":false,"template":"","format":"standard","meta":{"footnotes":""},"categories":[1],"tags":[8,9,7,10,11],"yoast_head":"<!-- This site is optimized with the Yoast SEO plugin v24.4 - https:\/\/yoast.com\/wordpress\/plugins\/seo\/ -->\n<title>Dia Mundial de Combate ao C\u00e2ncer: Um chamado global para a\u00e7\u00e3o e preven\u00e7\u00e3o - Oncovitta<\/title>\n<meta name=\"robots\" content=\"index, follow, max-snippet:-1, max-image-preview:large, max-video-preview:-1\" \/>\n<link rel=\"canonical\" href=\"https:\/\/oncovitta.com.br\/index.php\/2024\/04\/05\/dia-mundial-de-combate-ao-cancer-um-chamado-global-para-acao-e-prevencao\/\" \/>\n<meta property=\"og:locale\" content=\"pt_BR\" \/>\n<meta property=\"og:type\" content=\"article\" \/>\n<meta property=\"og:title\" content=\"Dia Mundial de Combate ao C\u00e2ncer: Um chamado global para a\u00e7\u00e3o e preven\u00e7\u00e3o - Oncovitta\" \/>\n<meta property=\"og:description\" content=\"O Dia Mundial de Combate ao C\u00e2ncer \u00e9 um marco global para sensibilizar sobre a crescente incid\u00eancia desta doen\u00e7a, enfatizando a import\u00e2ncia da informa\u00e7\u00e3o, preven\u00e7\u00e3o e controle. Com o c\u00e2ncer representando uma das principais causas de morte mundialmente, a data serve como um alerta para os desafios e estrat\u00e9gias necess\u00e1rias para enfrentar esta enfermidade. O c\u00e2ncer, compreendendo mais de 100 tipos de doen\u00e7as malignas, tem mostrado um aumento alarmante em sua incid\u00eancia globalmente. O Instituto Nacional do C\u00e2ncer (Inca) projeta que o Brasil ter\u00e1 mais de 704 mil novos casos anualmente at\u00e9 2025, com preval\u00eancias significativas de c\u00e2nceres de pele n\u00e3o melanoma, mama, pr\u00f3stata, entre outros. Al\u00e9m disso, aumentos preocupantes em casos de c\u00e2ncer de p\u00e2ncreas e f\u00edgado t\u00eam sido observados, destacando a necessidade de aten\u00e7\u00e3o a essas variantes. Os fatores de risco para o c\u00e2ncer incluem o envelhecimento populacional, h\u00e1bitos como o tabagismo, sedentarismo e dietas ricas em gordura. Lucas Santana, do OncoCenter Dona Helena, destaca a import\u00e2ncia da preven\u00e7\u00e3o prim\u00e1ria, como a ado\u00e7\u00e3o de estilos de vida saud\u00e1veis, e da preven\u00e7\u00e3o secund\u00e1ria, como o diagn\u00f3stico e tratamento precoce de condi\u00e7\u00f5es pr\u00e9-malignas. Medidas preventivas envolvem combater o tabagismo, manter uma alimenta\u00e7\u00e3o equilibrada, limitar o consumo de \u00e1lcool e carnes processadas, manter um peso saud\u00e1vel, praticar exerc\u00edcios f\u00edsicos e proteger-se contra exposi\u00e7\u00e3o excessiva ao sol. Al\u00e9m disso, a vacina\u00e7\u00e3o contra v\u00edrus que podem causar c\u00e2ncer, como o HPV, \u00e9 essencial. A terapia g\u00eanica, uma inova\u00e7\u00e3o no tratamento do c\u00e2ncer, mostra promessas significativas, apesar de seus altos custos. Este tratamento envolve a modifica\u00e7\u00e3o gen\u00e9tica de c\u00e9lulas do paciente para atacar o c\u00e2ncer, uma t\u00e9cnica ainda em estudo e avalia\u00e7\u00e3o pela Anvisa. O Dia Mundial de Combate ao C\u00e2ncer ressalta a urg\u00eancia de ampliar a conscientiza\u00e7\u00e3o, promover a preven\u00e7\u00e3o e inovar nas terapias contra o c\u00e2ncer. \u00c0 medida que a incid\u00eancia da doen\u00e7a cresce, a necessidade de uma a\u00e7\u00e3o global e integrada torna-se cada vez mais cr\u00edtica para reduzir o impacto do c\u00e2ncer na sociedade.\" \/>\n<meta property=\"og:url\" content=\"https:\/\/oncovitta.com.br\/index.php\/2024\/04\/05\/dia-mundial-de-combate-ao-cancer-um-chamado-global-para-acao-e-prevencao\/\" \/>\n<meta property=\"og:site_name\" content=\"Oncovitta\" \/>\n<meta property=\"article:published_time\" content=\"2024-04-05T13:55:13+00:00\" \/>\n<meta property=\"og:image\" content=\"https:\/\/oncovitta.com.br\/wp-content\/uploads\/2024\/04\/Design-sem-nome-67.png\" \/>\n\t<meta property=\"og:image:width\" content=\"1920\" \/>\n\t<meta property=\"og:image:height\" content=\"1080\" \/>\n\t<meta property=\"og:image:type\" content=\"image\/png\" \/>\n<meta name=\"author\" content=\"hudson\" \/>\n<meta name=\"twitter:card\" content=\"summary_large_image\" \/>\n<meta name=\"twitter:label1\" content=\"Escrito por\" \/>\n\t<meta name=\"twitter:data1\" content=\"hudson\" \/>\n\t<meta name=\"twitter:label2\" content=\"Est. tempo de leitura\" \/>\n\t<meta name=\"twitter:data2\" content=\"2 minutos\" \/>\n<script type=\"application\/ld+json\" class=\"yoast-schema-graph\">{\"@context\":\"https:\/\/schema.org\",\"@graph\":[{\"@type\":\"WebPage\",\"@id\":\"https:\/\/oncovitta.com.br\/index.php\/2024\/04\/05\/dia-mundial-de-combate-ao-cancer-um-chamado-global-para-acao-e-prevencao\/\",\"url\":\"https:\/\/oncovitta.com.br\/index.php\/2024\/04\/05\/dia-mundial-de-combate-ao-cancer-um-chamado-global-para-acao-e-prevencao\/\",\"name\":\"Dia Mundial de Combate ao C\u00e2ncer: Um chamado global para a\u00e7\u00e3o e preven\u00e7\u00e3o - Oncovitta\",\"isPartOf\":{\"@id\":\"https:\/\/www.oncovitta.com.br\/#website\"},\"primaryImageOfPage\":{\"@id\":\"https:\/\/oncovitta.com.br\/index.php\/2024\/04\/05\/dia-mundial-de-combate-ao-cancer-um-chamado-global-para-acao-e-prevencao\/#primaryimage\"},\"image\":{\"@id\":\"https:\/\/oncovitta.com.br\/index.php\/2024\/04\/05\/dia-mundial-de-combate-ao-cancer-um-chamado-global-para-acao-e-prevencao\/#primaryimage\"},\"thumbnailUrl\":\"https:\/\/oncovitta.com.br\/wp-content\/uploads\/2024\/04\/Design-sem-nome-67.png\",\"datePublished\":\"2024-04-05T13:55:13+00:00\",\"author\":{\"@id\":\"https:\/\/www.oncovitta.com.br\/#\/schema\/person\/8266214e2a517b334e2eabf4c2bda958\"},\"breadcrumb\":{\"@id\":\"https:\/\/oncovitta.com.br\/index.php\/2024\/04\/05\/dia-mundial-de-combate-ao-cancer-um-chamado-global-para-acao-e-prevencao\/#breadcrumb\"},\"inLanguage\":\"pt-BR\",\"potentialAction\":[{\"@type\":\"ReadAction\",\"target\":[\"https:\/\/oncovitta.com.br\/index.php\/2024\/04\/05\/dia-mundial-de-combate-ao-cancer-um-chamado-global-para-acao-e-prevencao\/\"]}]},{\"@type\":\"ImageObject\",\"inLanguage\":\"pt-BR\",\"@id\":\"https:\/\/oncovitta.com.br\/index.php\/2024\/04\/05\/dia-mundial-de-combate-ao-cancer-um-chamado-global-para-acao-e-prevencao\/#primaryimage\",\"url\":\"https:\/\/oncovitta.com.br\/wp-content\/uploads\/2024\/04\/Design-sem-nome-67.png\",\"contentUrl\":\"https:\/\/oncovitta.com.br\/wp-content\/uploads\/2024\/04\/Design-sem-nome-67.png\",\"width\":1920,\"height\":1080},{\"@type\":\"BreadcrumbList\",\"@id\":\"https:\/\/oncovitta.com.br\/index.php\/2024\/04\/05\/dia-mundial-de-combate-ao-cancer-um-chamado-global-para-acao-e-prevencao\/#breadcrumb\",\"itemListElement\":[{\"@type\":\"ListItem\",\"position\":1,\"name\":\"In\u00edcio\",\"item\":\"https:\/\/www.oncovitta.com.br\/\"},{\"@type\":\"ListItem\",\"position\":2,\"name\":\"Dia Mundial de Combate ao C\u00e2ncer: Um chamado global para a\u00e7\u00e3o e preven\u00e7\u00e3o\"}]},{\"@type\":\"WebSite\",\"@id\":\"https:\/\/www.oncovitta.com.br\/#website\",\"url\":\"https:\/\/www.oncovitta.com.br\/\",\"name\":\"Oncovitta\",\"description\":\"\",\"potentialAction\":[{\"@type\":\"SearchAction\",\"target\":{\"@type\":\"EntryPoint\",\"urlTemplate\":\"https:\/\/www.oncovitta.com.br\/?s={search_term_string}\"},\"query-input\":{\"@type\":\"PropertyValueSpecification\",\"valueRequired\":true,\"valueName\":\"search_term_string\"}}],\"inLanguage\":\"pt-BR\"},{\"@type\":\"Person\",\"@id\":\"https:\/\/www.oncovitta.com.br\/#\/schema\/person\/8266214e2a517b334e2eabf4c2bda958\",\"name\":\"hudson\",\"image\":{\"@type\":\"ImageObject\",\"inLanguage\":\"pt-BR\",\"@id\":\"https:\/\/www.oncovitta.com.br\/#\/schema\/person\/image\/\",\"url\":\"https:\/\/secure.gravatar.com\/avatar\/8c4f52b52195fa605642db0f145dc3cf?s=96&d=mm&r=g\",\"contentUrl\":\"https:\/\/secure.gravatar.com\/avatar\/8c4f52b52195fa605642db0f145dc3cf?s=96&d=mm&r=g\",\"caption\":\"hudson\"},\"url\":\"https:\/\/oncovitta.com.br\/index.php\/author\/hudson\/\"}]}<\/script>\n<!-- \/ Yoast SEO plugin. -->","yoast_head_json":{"title":"Dia Mundial de Combate ao C\u00e2ncer: Um chamado global para a\u00e7\u00e3o e preven\u00e7\u00e3o - Oncovitta","robots":{"index":"index","follow":"follow","max-snippet":"max-snippet:-1","max-image-preview":"max-image-preview:large","max-video-preview":"max-video-preview:-1"},"canonical":"https:\/\/oncovitta.com.br\/index.php\/2024\/04\/05\/dia-mundial-de-combate-ao-cancer-um-chamado-global-para-acao-e-prevencao\/","og_locale":"pt_BR","og_type":"article","og_title":"Dia Mundial de Combate ao C\u00e2ncer: Um chamado global para a\u00e7\u00e3o e preven\u00e7\u00e3o - Oncovitta","og_description":"O Dia Mundial de Combate ao C\u00e2ncer \u00e9 um marco global para sensibilizar sobre a crescente incid\u00eancia desta doen\u00e7a, enfatizando a import\u00e2ncia da informa\u00e7\u00e3o, preven\u00e7\u00e3o e controle. Com o c\u00e2ncer representando uma das principais causas de morte mundialmente, a data serve como um alerta para os desafios e estrat\u00e9gias necess\u00e1rias para enfrentar esta enfermidade. O c\u00e2ncer, compreendendo mais de 100 tipos de doen\u00e7as malignas, tem mostrado um aumento alarmante em sua incid\u00eancia globalmente. O Instituto Nacional do C\u00e2ncer (Inca) projeta que o Brasil ter\u00e1 mais de 704 mil novos casos anualmente at\u00e9 2025, com preval\u00eancias significativas de c\u00e2nceres de pele n\u00e3o melanoma, mama, pr\u00f3stata, entre outros. Al\u00e9m disso, aumentos preocupantes em casos de c\u00e2ncer de p\u00e2ncreas e f\u00edgado t\u00eam sido observados, destacando a necessidade de aten\u00e7\u00e3o a essas variantes. Os fatores de risco para o c\u00e2ncer incluem o envelhecimento populacional, h\u00e1bitos como o tabagismo, sedentarismo e dietas ricas em gordura. Lucas Santana, do OncoCenter Dona Helena, destaca a import\u00e2ncia da preven\u00e7\u00e3o prim\u00e1ria, como a ado\u00e7\u00e3o de estilos de vida saud\u00e1veis, e da preven\u00e7\u00e3o secund\u00e1ria, como o diagn\u00f3stico e tratamento precoce de condi\u00e7\u00f5es pr\u00e9-malignas. Medidas preventivas envolvem combater o tabagismo, manter uma alimenta\u00e7\u00e3o equilibrada, limitar o consumo de \u00e1lcool e carnes processadas, manter um peso saud\u00e1vel, praticar exerc\u00edcios f\u00edsicos e proteger-se contra exposi\u00e7\u00e3o excessiva ao sol. Al\u00e9m disso, a vacina\u00e7\u00e3o contra v\u00edrus que podem causar c\u00e2ncer, como o HPV, \u00e9 essencial. A terapia g\u00eanica, uma inova\u00e7\u00e3o no tratamento do c\u00e2ncer, mostra promessas significativas, apesar de seus altos custos. Este tratamento envolve a modifica\u00e7\u00e3o gen\u00e9tica de c\u00e9lulas do paciente para atacar o c\u00e2ncer, uma t\u00e9cnica ainda em estudo e avalia\u00e7\u00e3o pela Anvisa. O Dia Mundial de Combate ao C\u00e2ncer ressalta a urg\u00eancia de ampliar a conscientiza\u00e7\u00e3o, promover a preven\u00e7\u00e3o e inovar nas terapias contra o c\u00e2ncer. \u00c0 medida que a incid\u00eancia da doen\u00e7a cresce, a necessidade de uma a\u00e7\u00e3o global e integrada torna-se cada vez mais cr\u00edtica para reduzir o impacto do c\u00e2ncer na sociedade.","og_url":"https:\/\/oncovitta.com.br\/index.php\/2024\/04\/05\/dia-mundial-de-combate-ao-cancer-um-chamado-global-para-acao-e-prevencao\/","og_site_name":"Oncovitta","article_published_time":"2024-04-05T13:55:13+00:00","og_image":[{"width":1920,"height":1080,"url":"https:\/\/oncovitta.com.br\/wp-content\/uploads\/2024\/04\/Design-sem-nome-67.png","type":"image\/png"}],"author":"hudson","twitter_card":"summary_large_image","twitter_misc":{"Escrito por":"hudson","Est. tempo de leitura":"2 minutos"},"schema":{"@context":"https:\/\/schema.org","@graph":[{"@type":"WebPage","@id":"https:\/\/oncovitta.com.br\/index.php\/2024\/04\/05\/dia-mundial-de-combate-ao-cancer-um-chamado-global-para-acao-e-prevencao\/","url":"https:\/\/oncovitta.com.br\/index.php\/2024\/04\/05\/dia-mundial-de-combate-ao-cancer-um-chamado-global-para-acao-e-prevencao\/","name":"Dia Mundial de Combate ao C\u00e2ncer: Um chamado global para a\u00e7\u00e3o e preven\u00e7\u00e3o - Oncovitta","isPartOf":{"@id":"https:\/\/www.oncovitta.com.br\/#website"},"primaryImageOfPage":{"@id":"https:\/\/oncovitta.com.br\/index.php\/2024\/04\/05\/dia-mundial-de-combate-ao-cancer-um-chamado-global-para-acao-e-prevencao\/#primaryimage"},"image":{"@id":"https:\/\/oncovitta.com.br\/index.php\/2024\/04\/05\/dia-mundial-de-combate-ao-cancer-um-chamado-global-para-acao-e-prevencao\/#primaryimage"},"thumbnailUrl":"https:\/\/oncovitta.com.br\/wp-content\/uploads\/2024\/04\/Design-sem-nome-67.png","datePublished":"2024-04-05T13:55:13+00:00","author":{"@id":"https:\/\/www.oncovitta.com.br\/#\/schema\/person\/8266214e2a517b334e2eabf4c2bda958"},"breadcrumb":{"@id":"https:\/\/oncovitta.com.br\/index.php\/2024\/04\/05\/dia-mundial-de-combate-ao-cancer-um-chamado-global-para-acao-e-prevencao\/#breadcrumb"},"inLanguage":"pt-BR","potentialAction":[{"@type":"ReadAction","target":["https:\/\/oncovitta.com.br\/index.php\/2024\/04\/05\/dia-mundial-de-combate-ao-cancer-um-chamado-global-para-acao-e-prevencao\/"]}]},{"@type":"ImageObject","inLanguage":"pt-BR","@id":"https:\/\/oncovitta.com.br\/index.php\/2024\/04\/05\/dia-mundial-de-combate-ao-cancer-um-chamado-global-para-acao-e-prevencao\/#primaryimage","url":"https:\/\/oncovitta.com.br\/wp-content\/uploads\/2024\/04\/Design-sem-nome-67.png","contentUrl":"https:\/\/oncovitta.com.br\/wp-content\/uploads\/2024\/04\/Design-sem-nome-67.png","width":1920,"height":1080},{"@type":"BreadcrumbList","@id":"https:\/\/oncovitta.com.br\/index.php\/2024\/04\/05\/dia-mundial-de-combate-ao-cancer-um-chamado-global-para-acao-e-prevencao\/#breadcrumb","itemListElement":[{"@type":"ListItem","position":1,"name":"In\u00edcio","item":"https:\/\/www.oncovitta.com.br\/"},{"@type":"ListItem","position":2,"name":"Dia Mundial de Combate ao C\u00e2ncer: Um chamado global para a\u00e7\u00e3o e preven\u00e7\u00e3o"}]},{"@type":"WebSite","@id":"https:\/\/www.oncovitta.com.br\/#website","url":"https:\/\/www.oncovitta.com.br\/","name":"Oncovitta","description":"","potentialAction":[{"@type":"SearchAction","target":{"@type":"EntryPoint","urlTemplate":"https:\/\/www.oncovitta.com.br\/?s={search_term_string}"},"query-input":{"@type":"PropertyValueSpecification","valueRequired":true,"valueName":"search_term_string"}}],"inLanguage":"pt-BR"},{"@type":"Person","@id":"https:\/\/www.oncovitta.com.br\/#\/schema\/person\/8266214e2a517b334e2eabf4c2bda958","name":"hudson","image":{"@type":"ImageObject","inLanguage":"pt-BR","@id":"https:\/\/www.oncovitta.com.br\/#\/schema\/person\/image\/","url":"https:\/\/secure.gravatar.com\/avatar\/8c4f52b52195fa605642db0f145dc3cf?s=96&d=mm&r=g","contentUrl":"https:\/\/secure.gravatar.com\/avatar\/8c4f52b52195fa605642db0f145dc3cf?s=96&d=mm&r=g","caption":"hudson"},"url":"https:\/\/oncovitta.com.br\/index.php\/author\/hudson\/"}]}},"_links":{"self":[{"href":"https:\/\/oncovitta.com.br\/index.php\/wp-json\/wp\/v2\/posts\/897"}],"collection":[{"href":"https:\/\/oncovitta.com.br\/index.php\/wp-json\/wp\/v2\/posts"}],"about":[{"href":"https:\/\/oncovitta.com.br\/index.php\/wp-json\/wp\/v2\/types\/post"}],"author":[{"embeddable":true,"href":"https:\/\/oncovitta.com.br\/index.php\/wp-json\/wp\/v2\/users\/3"}],"replies":[{"embeddable":true,"href":"https:\/\/oncovitta.com.br\/index.php\/wp-json\/wp\/v2\/comments?post=897"}],"version-history":[{"count":1,"href":"https:\/\/oncovitta.com.br\/index.php\/wp-json\/wp\/v2\/posts\/897\/revisions"}],"predecessor-version":[{"id":899,"href":"https:\/\/oncovitta.com.br\/index.php\/wp-json\/wp\/v2\/posts\/897\/revisions\/899"}],"wp:featuredmedia":[{"embeddable":true,"href":"https:\/\/oncovitta.com.br\/index.php\/wp-json\/wp\/v2\/media\/898"}],"wp:attachment":[{"href":"https:\/\/oncovitta.com.br\/index.php\/wp-json\/wp\/v2\/media?parent=897"}],"wp:term":[{"taxonomy":"category","embeddable":true,"href":"https:\/\/oncovitta.com.br\/index.php\/wp-json\/wp\/v2\/categories?post=897"},{"taxonomy":"post_tag","embeddable":true,"href":"https:\/\/oncovitta.com.br\/index.php\/wp-json\/wp\/v2\/tags?post=897"}],"curies":[{"name":"wp","href":"https:\/\/api.w.org\/{rel}","templated":true}]}}