{"id":900,"date":"2024-04-05T14:10:53","date_gmt":"2024-04-05T14:10:53","guid":{"rendered":"https:\/?p=900"},"modified":"2024-04-05T14:10:53","modified_gmt":"2024-04-05T14:10:53","slug":"mes-da-saude-o-impacto-dos-adocantes-na-reducao-do-consumo-de-acucar","status":"publish","type":"post","link":"https:\/\/oncovitta.com.br\/index.php\/2024\/04\/05\/mes-da-saude-o-impacto-dos-adocantes-na-reducao-do-consumo-de-acucar\/","title":{"rendered":"M\u00eas da Sa\u00fade: O impacto dos ado\u00e7antes na redu\u00e7\u00e3o do consumo de a\u00e7\u00facar"},"content":{"rendered":"\n<figure class=\"wp-block-image size-large\"><img fetchpriority=\"high\" decoding=\"async\" width=\"1024\" height=\"576\" src=\"\/\/\/wp-content\/uploads\/2024\/04\/Design-sem-nome-68-1024x576.png\" alt=\"\" class=\"wp-image-901\" srcset=\"https:\/\/oncovitta.com.br\/wp-content\/uploads\/2024\/04\/Design-sem-nome-68-1024x576.png 1024w, https:\/\/oncovitta.com.br\/wp-content\/uploads\/2024\/04\/Design-sem-nome-68-300x169.png 300w, https:\/\/oncovitta.com.br\/wp-content\/uploads\/2024\/04\/Design-sem-nome-68-768x432.png 768w, https:\/\/oncovitta.com.br\/wp-content\/uploads\/2024\/04\/Design-sem-nome-68-1536x864.png 1536w, https:\/\/oncovitta.com.br\/wp-content\/uploads\/2024\/04\/Design-sem-nome-68.png 1920w\" sizes=\"(max-width: 1024px) 100vw, 1024px\" \/><\/figure>\n\n\n\n<p><br>No contexto de Abril, M\u00eas da Sa\u00fade, discute-se o papel significativo dos ado\u00e7antes na diminui\u00e7\u00e3o da ingest\u00e3o excessiva de a\u00e7\u00facar, um fator conhecido por contribuir para diversos problemas de sa\u00fade, incluindo obesidade, doen\u00e7as cardiovasculares e c\u00e1ries dent\u00e1rias.<\/p>\n\n\n\n<p>O consumo exagerado de a\u00e7\u00facar tem sido vinculado a uma ampla gama de quest\u00f5es de sa\u00fade, pressionando a necessidade de encontrar alternativas que possam mitigar seus efeitos nocivos.<\/p>\n\n\n\n<p>Ado\u00e7antes de baixa ou nenhuma caloria emergem como solu\u00e7\u00f5es pr\u00e1ticas para reduzir o consumo de a\u00e7\u00facar, beneficiando particularmente indiv\u00edduos com diabetes ou aqueles que monitoram os n\u00edveis de glicose. Eles ajudam a manter um estilo de vida saud\u00e1vel, proporcionando o sabor doce desejado sem os riscos associados ao a\u00e7\u00facar.<\/p>\n\n\n\n<p>Impacto na Sa\u00fade Infantil<br>Incorporar ado\u00e7antes na dieta das crian\u00e7as, substituindo o a\u00e7\u00facar em produtos como refrigerantes e cereais, pode ser uma estrat\u00e9gia eficaz para fomentar h\u00e1bitos alimentares saud\u00e1veis e prevenir condi\u00e7\u00f5es como a obesidade infantil.<\/p>\n\n\n\n<p>Variedade de Ado\u00e7antes<br>O mercado oferece uma gama de ado\u00e7antes, de op\u00e7\u00f5es artificiais a naturais, incluindo Eritritol, Xilitol, Stevia e Sucralose, atendendo a diversas prefer\u00eancias e necessidades, todos validados pela ANVISA no Brasil.<\/p>\n\n\n\n<p>Sobre Ado\u00e7antes e Estilos de Vida<br>Ado\u00e7antes, como os da marca Zero-Cal, l\u00edder de mercado, s\u00e3o apresentados como alternativas que permitem \u00e0s pessoas desfrutarem dos prazeres do sabor doce, apoiando simultaneamente um modo de vida saud\u00e1vel e positivo.<\/p>\n\n\n\n<p>A discuss\u00e3o sobre ado\u00e7antes no Dia Mundial da Sa\u00fade ressalta a import\u00e2ncia de escolhas alimentares conscientes. Substituir o a\u00e7\u00facar por ado\u00e7antes pode ser uma medida eficaz para melhorar a sa\u00fade p\u00fablica, reduzindo os riscos relacionados ao consumo excessivo de a\u00e7\u00facar.<\/p>\n","protected":false},"excerpt":{"rendered":"<p>No contexto de Abril, M\u00eas da Sa\u00fade, discute-se o papel significativo dos ado\u00e7antes na diminui\u00e7\u00e3o da ingest\u00e3o excessiva de a\u00e7\u00facar, um fator conhecido por contribuir para diversos problemas de sa\u00fade, incluindo obesidade, doen\u00e7as cardiovasculares e c\u00e1ries dent\u00e1rias. O consumo exagerado de a\u00e7\u00facar tem sido vinculado a uma ampla gama de quest\u00f5es de sa\u00fade, pressionando a necessidade de encontrar alternativas que possam mitigar seus efeitos nocivos. Ado\u00e7antes de baixa ou nenhuma caloria emergem como solu\u00e7\u00f5es pr\u00e1ticas para reduzir o consumo de a\u00e7\u00facar, beneficiando particularmente indiv\u00edduos com diabetes ou aqueles que monitoram os n\u00edveis de glicose. Eles ajudam a manter um estilo de vida saud\u00e1vel, proporcionando o sabor doce desejado sem os riscos associados ao a\u00e7\u00facar. Impacto na Sa\u00fade InfantilIncorporar ado\u00e7antes na dieta das crian\u00e7as, substituindo o a\u00e7\u00facar em produtos como refrigerantes e cereais, pode ser uma estrat\u00e9gia eficaz para fomentar h\u00e1bitos alimentares saud\u00e1veis e prevenir condi\u00e7\u00f5es como a obesidade infantil. Variedade de Ado\u00e7antesO mercado oferece uma gama de ado\u00e7antes, de op\u00e7\u00f5es artificiais a naturais, incluindo Eritritol, Xilitol, Stevia e Sucralose, atendendo a diversas prefer\u00eancias e necessidades, todos validados pela ANVISA no Brasil. Sobre Ado\u00e7antes e Estilos de VidaAdo\u00e7antes, como os da marca Zero-Cal, l\u00edder de mercado, s\u00e3o apresentados como alternativas que permitem \u00e0s pessoas desfrutarem dos prazeres do sabor doce, apoiando simultaneamente um modo de vida saud\u00e1vel e positivo. A discuss\u00e3o sobre ado\u00e7antes no Dia Mundial da Sa\u00fade ressalta a import\u00e2ncia de escolhas alimentares conscientes. Substituir o a\u00e7\u00facar por ado\u00e7antes pode ser uma medida eficaz para melhorar a sa\u00fade p\u00fablica, reduzindo os riscos relacionados ao consumo excessivo de a\u00e7\u00facar.<\/p>\n","protected":false},"author":3,"featured_media":901,"comment_status":"open","ping_status":"open","sticky":false,"template":"","format":"standard","meta":{"footnotes":""},"categories":[1],"tags":[12,15,14,17,16,13],"yoast_head":"<!-- This site is optimized with the Yoast SEO plugin v24.4 - https:\/\/yoast.com\/wordpress\/plugins\/seo\/ -->\n<title>M\u00eas da Sa\u00fade: O impacto dos ado\u00e7antes na redu\u00e7\u00e3o do consumo de a\u00e7\u00facar - Oncovitta<\/title>\n<meta name=\"robots\" content=\"index, follow, max-snippet:-1, max-image-preview:large, max-video-preview:-1\" \/>\n<link rel=\"canonical\" href=\"https:\/\/oncovitta.com.br\/index.php\/2024\/04\/05\/mes-da-saude-o-impacto-dos-adocantes-na-reducao-do-consumo-de-acucar\/\" \/>\n<meta property=\"og:locale\" content=\"pt_BR\" \/>\n<meta property=\"og:type\" content=\"article\" \/>\n<meta property=\"og:title\" content=\"M\u00eas da Sa\u00fade: O impacto dos ado\u00e7antes na redu\u00e7\u00e3o do consumo de a\u00e7\u00facar - Oncovitta\" \/>\n<meta property=\"og:description\" content=\"No contexto de Abril, M\u00eas da Sa\u00fade, discute-se o papel significativo dos ado\u00e7antes na diminui\u00e7\u00e3o da ingest\u00e3o excessiva de a\u00e7\u00facar, um fator conhecido por contribuir para diversos problemas de sa\u00fade, incluindo obesidade, doen\u00e7as cardiovasculares e c\u00e1ries dent\u00e1rias. O consumo exagerado de a\u00e7\u00facar tem sido vinculado a uma ampla gama de quest\u00f5es de sa\u00fade, pressionando a necessidade de encontrar alternativas que possam mitigar seus efeitos nocivos. Ado\u00e7antes de baixa ou nenhuma caloria emergem como solu\u00e7\u00f5es pr\u00e1ticas para reduzir o consumo de a\u00e7\u00facar, beneficiando particularmente indiv\u00edduos com diabetes ou aqueles que monitoram os n\u00edveis de glicose. Eles ajudam a manter um estilo de vida saud\u00e1vel, proporcionando o sabor doce desejado sem os riscos associados ao a\u00e7\u00facar. Impacto na Sa\u00fade InfantilIncorporar ado\u00e7antes na dieta das crian\u00e7as, substituindo o a\u00e7\u00facar em produtos como refrigerantes e cereais, pode ser uma estrat\u00e9gia eficaz para fomentar h\u00e1bitos alimentares saud\u00e1veis e prevenir condi\u00e7\u00f5es como a obesidade infantil. Variedade de Ado\u00e7antesO mercado oferece uma gama de ado\u00e7antes, de op\u00e7\u00f5es artificiais a naturais, incluindo Eritritol, Xilitol, Stevia e Sucralose, atendendo a diversas prefer\u00eancias e necessidades, todos validados pela ANVISA no Brasil. Sobre Ado\u00e7antes e Estilos de VidaAdo\u00e7antes, como os da marca Zero-Cal, l\u00edder de mercado, s\u00e3o apresentados como alternativas que permitem \u00e0s pessoas desfrutarem dos prazeres do sabor doce, apoiando simultaneamente um modo de vida saud\u00e1vel e positivo. A discuss\u00e3o sobre ado\u00e7antes no Dia Mundial da Sa\u00fade ressalta a import\u00e2ncia de escolhas alimentares conscientes. Substituir o a\u00e7\u00facar por ado\u00e7antes pode ser uma medida eficaz para melhorar a sa\u00fade p\u00fablica, reduzindo os riscos relacionados ao consumo excessivo de a\u00e7\u00facar.\" \/>\n<meta property=\"og:url\" content=\"https:\/\/oncovitta.com.br\/index.php\/2024\/04\/05\/mes-da-saude-o-impacto-dos-adocantes-na-reducao-do-consumo-de-acucar\/\" \/>\n<meta property=\"og:site_name\" content=\"Oncovitta\" \/>\n<meta property=\"article:published_time\" content=\"2024-04-05T14:10:53+00:00\" \/>\n<meta property=\"og:image\" content=\"https:\/\/oncovitta.com.br\/wp-content\/uploads\/2024\/04\/Design-sem-nome-68-1024x576.png\" \/>\n\t<meta property=\"og:image:width\" content=\"1024\" \/>\n\t<meta property=\"og:image:height\" content=\"576\" \/>\n\t<meta property=\"og:image:type\" content=\"image\/png\" \/>\n<meta name=\"author\" content=\"hudson\" \/>\n<meta name=\"twitter:card\" content=\"summary_large_image\" \/>\n<meta name=\"twitter:label1\" content=\"Escrito por\" \/>\n\t<meta name=\"twitter:data1\" content=\"hudson\" \/>\n\t<meta name=\"twitter:label2\" content=\"Est. tempo de leitura\" \/>\n\t<meta name=\"twitter:data2\" content=\"2 minutos\" \/>\n<script type=\"application\/ld+json\" class=\"yoast-schema-graph\">{\"@context\":\"https:\/\/schema.org\",\"@graph\":[{\"@type\":\"WebPage\",\"@id\":\"https:\/\/oncovitta.com.br\/index.php\/2024\/04\/05\/mes-da-saude-o-impacto-dos-adocantes-na-reducao-do-consumo-de-acucar\/\",\"url\":\"https:\/\/oncovitta.com.br\/index.php\/2024\/04\/05\/mes-da-saude-o-impacto-dos-adocantes-na-reducao-do-consumo-de-acucar\/\",\"name\":\"M\u00eas da Sa\u00fade: O impacto dos ado\u00e7antes na redu\u00e7\u00e3o do consumo de a\u00e7\u00facar - Oncovitta\",\"isPartOf\":{\"@id\":\"https:\/\/www.oncovitta.com.br\/#website\"},\"primaryImageOfPage\":{\"@id\":\"https:\/\/oncovitta.com.br\/index.php\/2024\/04\/05\/mes-da-saude-o-impacto-dos-adocantes-na-reducao-do-consumo-de-acucar\/#primaryimage\"},\"image\":{\"@id\":\"https:\/\/oncovitta.com.br\/index.php\/2024\/04\/05\/mes-da-saude-o-impacto-dos-adocantes-na-reducao-do-consumo-de-acucar\/#primaryimage\"},\"thumbnailUrl\":\"https:\/\/oncovitta.com.br\/wp-content\/uploads\/2024\/04\/Design-sem-nome-68.png\",\"datePublished\":\"2024-04-05T14:10:53+00:00\",\"author\":{\"@id\":\"https:\/\/www.oncovitta.com.br\/#\/schema\/person\/8266214e2a517b334e2eabf4c2bda958\"},\"breadcrumb\":{\"@id\":\"https:\/\/oncovitta.com.br\/index.php\/2024\/04\/05\/mes-da-saude-o-impacto-dos-adocantes-na-reducao-do-consumo-de-acucar\/#breadcrumb\"},\"inLanguage\":\"pt-BR\",\"potentialAction\":[{\"@type\":\"ReadAction\",\"target\":[\"https:\/\/oncovitta.com.br\/index.php\/2024\/04\/05\/mes-da-saude-o-impacto-dos-adocantes-na-reducao-do-consumo-de-acucar\/\"]}]},{\"@type\":\"ImageObject\",\"inLanguage\":\"pt-BR\",\"@id\":\"https:\/\/oncovitta.com.br\/index.php\/2024\/04\/05\/mes-da-saude-o-impacto-dos-adocantes-na-reducao-do-consumo-de-acucar\/#primaryimage\",\"url\":\"https:\/\/oncovitta.com.br\/wp-content\/uploads\/2024\/04\/Design-sem-nome-68.png\",\"contentUrl\":\"https:\/\/oncovitta.com.br\/wp-content\/uploads\/2024\/04\/Design-sem-nome-68.png\",\"width\":1920,\"height\":1080},{\"@type\":\"BreadcrumbList\",\"@id\":\"https:\/\/oncovitta.com.br\/index.php\/2024\/04\/05\/mes-da-saude-o-impacto-dos-adocantes-na-reducao-do-consumo-de-acucar\/#breadcrumb\",\"itemListElement\":[{\"@type\":\"ListItem\",\"position\":1,\"name\":\"In\u00edcio\",\"item\":\"https:\/\/www.oncovitta.com.br\/\"},{\"@type\":\"ListItem\",\"position\":2,\"name\":\"M\u00eas da Sa\u00fade: O impacto dos ado\u00e7antes na redu\u00e7\u00e3o do consumo de a\u00e7\u00facar\"}]},{\"@type\":\"WebSite\",\"@id\":\"https:\/\/www.oncovitta.com.br\/#website\",\"url\":\"https:\/\/www.oncovitta.com.br\/\",\"name\":\"Oncovitta\",\"description\":\"\",\"potentialAction\":[{\"@type\":\"SearchAction\",\"target\":{\"@type\":\"EntryPoint\",\"urlTemplate\":\"https:\/\/www.oncovitta.com.br\/?s={search_term_string}\"},\"query-input\":{\"@type\":\"PropertyValueSpecification\",\"valueRequired\":true,\"valueName\":\"search_term_string\"}}],\"inLanguage\":\"pt-BR\"},{\"@type\":\"Person\",\"@id\":\"https:\/\/www.oncovitta.com.br\/#\/schema\/person\/8266214e2a517b334e2eabf4c2bda958\",\"name\":\"hudson\",\"image\":{\"@type\":\"ImageObject\",\"inLanguage\":\"pt-BR\",\"@id\":\"https:\/\/www.oncovitta.com.br\/#\/schema\/person\/image\/\",\"url\":\"https:\/\/secure.gravatar.com\/avatar\/8c4f52b52195fa605642db0f145dc3cf?s=96&d=mm&r=g\",\"contentUrl\":\"https:\/\/secure.gravatar.com\/avatar\/8c4f52b52195fa605642db0f145dc3cf?s=96&d=mm&r=g\",\"caption\":\"hudson\"},\"url\":\"https:\/\/oncovitta.com.br\/index.php\/author\/hudson\/\"}]}<\/script>\n<!-- \/ Yoast SEO plugin. -->","yoast_head_json":{"title":"M\u00eas da Sa\u00fade: O impacto dos ado\u00e7antes na redu\u00e7\u00e3o do consumo de a\u00e7\u00facar - Oncovitta","robots":{"index":"index","follow":"follow","max-snippet":"max-snippet:-1","max-image-preview":"max-image-preview:large","max-video-preview":"max-video-preview:-1"},"canonical":"https:\/\/oncovitta.com.br\/index.php\/2024\/04\/05\/mes-da-saude-o-impacto-dos-adocantes-na-reducao-do-consumo-de-acucar\/","og_locale":"pt_BR","og_type":"article","og_title":"M\u00eas da Sa\u00fade: O impacto dos ado\u00e7antes na redu\u00e7\u00e3o do consumo de a\u00e7\u00facar - Oncovitta","og_description":"No contexto de Abril, M\u00eas da Sa\u00fade, discute-se o papel significativo dos ado\u00e7antes na diminui\u00e7\u00e3o da ingest\u00e3o excessiva de a\u00e7\u00facar, um fator conhecido por contribuir para diversos problemas de sa\u00fade, incluindo obesidade, doen\u00e7as cardiovasculares e c\u00e1ries dent\u00e1rias. O consumo exagerado de a\u00e7\u00facar tem sido vinculado a uma ampla gama de quest\u00f5es de sa\u00fade, pressionando a necessidade de encontrar alternativas que possam mitigar seus efeitos nocivos. Ado\u00e7antes de baixa ou nenhuma caloria emergem como solu\u00e7\u00f5es pr\u00e1ticas para reduzir o consumo de a\u00e7\u00facar, beneficiando particularmente indiv\u00edduos com diabetes ou aqueles que monitoram os n\u00edveis de glicose. Eles ajudam a manter um estilo de vida saud\u00e1vel, proporcionando o sabor doce desejado sem os riscos associados ao a\u00e7\u00facar. Impacto na Sa\u00fade InfantilIncorporar ado\u00e7antes na dieta das crian\u00e7as, substituindo o a\u00e7\u00facar em produtos como refrigerantes e cereais, pode ser uma estrat\u00e9gia eficaz para fomentar h\u00e1bitos alimentares saud\u00e1veis e prevenir condi\u00e7\u00f5es como a obesidade infantil. Variedade de Ado\u00e7antesO mercado oferece uma gama de ado\u00e7antes, de op\u00e7\u00f5es artificiais a naturais, incluindo Eritritol, Xilitol, Stevia e Sucralose, atendendo a diversas prefer\u00eancias e necessidades, todos validados pela ANVISA no Brasil. Sobre Ado\u00e7antes e Estilos de VidaAdo\u00e7antes, como os da marca Zero-Cal, l\u00edder de mercado, s\u00e3o apresentados como alternativas que permitem \u00e0s pessoas desfrutarem dos prazeres do sabor doce, apoiando simultaneamente um modo de vida saud\u00e1vel e positivo. A discuss\u00e3o sobre ado\u00e7antes no Dia Mundial da Sa\u00fade ressalta a import\u00e2ncia de escolhas alimentares conscientes. Substituir o a\u00e7\u00facar por ado\u00e7antes pode ser uma medida eficaz para melhorar a sa\u00fade p\u00fablica, reduzindo os riscos relacionados ao consumo excessivo de a\u00e7\u00facar.","og_url":"https:\/\/oncovitta.com.br\/index.php\/2024\/04\/05\/mes-da-saude-o-impacto-dos-adocantes-na-reducao-do-consumo-de-acucar\/","og_site_name":"Oncovitta","article_published_time":"2024-04-05T14:10:53+00:00","og_image":[{"width":1024,"height":576,"url":"https:\/\/oncovitta.com.br\/wp-content\/uploads\/2024\/04\/Design-sem-nome-68-1024x576.png","type":"image\/png"}],"author":"hudson","twitter_card":"summary_large_image","twitter_misc":{"Escrito por":"hudson","Est. tempo de leitura":"2 minutos"},"schema":{"@context":"https:\/\/schema.org","@graph":[{"@type":"WebPage","@id":"https:\/\/oncovitta.com.br\/index.php\/2024\/04\/05\/mes-da-saude-o-impacto-dos-adocantes-na-reducao-do-consumo-de-acucar\/","url":"https:\/\/oncovitta.com.br\/index.php\/2024\/04\/05\/mes-da-saude-o-impacto-dos-adocantes-na-reducao-do-consumo-de-acucar\/","name":"M\u00eas da Sa\u00fade: O impacto dos ado\u00e7antes na redu\u00e7\u00e3o do consumo de a\u00e7\u00facar - Oncovitta","isPartOf":{"@id":"https:\/\/www.oncovitta.com.br\/#website"},"primaryImageOfPage":{"@id":"https:\/\/oncovitta.com.br\/index.php\/2024\/04\/05\/mes-da-saude-o-impacto-dos-adocantes-na-reducao-do-consumo-de-acucar\/#primaryimage"},"image":{"@id":"https:\/\/oncovitta.com.br\/index.php\/2024\/04\/05\/mes-da-saude-o-impacto-dos-adocantes-na-reducao-do-consumo-de-acucar\/#primaryimage"},"thumbnailUrl":"https:\/\/oncovitta.com.br\/wp-content\/uploads\/2024\/04\/Design-sem-nome-68.png","datePublished":"2024-04-05T14:10:53+00:00","author":{"@id":"https:\/\/www.oncovitta.com.br\/#\/schema\/person\/8266214e2a517b334e2eabf4c2bda958"},"breadcrumb":{"@id":"https:\/\/oncovitta.com.br\/index.php\/2024\/04\/05\/mes-da-saude-o-impacto-dos-adocantes-na-reducao-do-consumo-de-acucar\/#breadcrumb"},"inLanguage":"pt-BR","potentialAction":[{"@type":"ReadAction","target":["https:\/\/oncovitta.com.br\/index.php\/2024\/04\/05\/mes-da-saude-o-impacto-dos-adocantes-na-reducao-do-consumo-de-acucar\/"]}]},{"@type":"ImageObject","inLanguage":"pt-BR","@id":"https:\/\/oncovitta.com.br\/index.php\/2024\/04\/05\/mes-da-saude-o-impacto-dos-adocantes-na-reducao-do-consumo-de-acucar\/#primaryimage","url":"https:\/\/oncovitta.com.br\/wp-content\/uploads\/2024\/04\/Design-sem-nome-68.png","contentUrl":"https:\/\/oncovitta.com.br\/wp-content\/uploads\/2024\/04\/Design-sem-nome-68.png","width":1920,"height":1080},{"@type":"BreadcrumbList","@id":"https:\/\/oncovitta.com.br\/index.php\/2024\/04\/05\/mes-da-saude-o-impacto-dos-adocantes-na-reducao-do-consumo-de-acucar\/#breadcrumb","itemListElement":[{"@type":"ListItem","position":1,"name":"In\u00edcio","item":"https:\/\/www.oncovitta.com.br\/"},{"@type":"ListItem","position":2,"name":"M\u00eas da Sa\u00fade: O impacto dos ado\u00e7antes na redu\u00e7\u00e3o do consumo de a\u00e7\u00facar"}]},{"@type":"WebSite","@id":"https:\/\/www.oncovitta.com.br\/#website","url":"https:\/\/www.oncovitta.com.br\/","name":"Oncovitta","description":"","potentialAction":[{"@type":"SearchAction","target":{"@type":"EntryPoint","urlTemplate":"https:\/\/www.oncovitta.com.br\/?s={search_term_string}"},"query-input":{"@type":"PropertyValueSpecification","valueRequired":true,"valueName":"search_term_string"}}],"inLanguage":"pt-BR"},{"@type":"Person","@id":"https:\/\/www.oncovitta.com.br\/#\/schema\/person\/8266214e2a517b334e2eabf4c2bda958","name":"hudson","image":{"@type":"ImageObject","inLanguage":"pt-BR","@id":"https:\/\/www.oncovitta.com.br\/#\/schema\/person\/image\/","url":"https:\/\/secure.gravatar.com\/avatar\/8c4f52b52195fa605642db0f145dc3cf?s=96&d=mm&r=g","contentUrl":"https:\/\/secure.gravatar.com\/avatar\/8c4f52b52195fa605642db0f145dc3cf?s=96&d=mm&r=g","caption":"hudson"},"url":"https:\/\/oncovitta.com.br\/index.php\/author\/hudson\/"}]}},"_links":{"self":[{"href":"https:\/\/oncovitta.com.br\/index.php\/wp-json\/wp\/v2\/posts\/900"}],"collection":[{"href":"https:\/\/oncovitta.com.br\/index.php\/wp-json\/wp\/v2\/posts"}],"about":[{"href":"https:\/\/oncovitta.com.br\/index.php\/wp-json\/wp\/v2\/types\/post"}],"author":[{"embeddable":true,"href":"https:\/\/oncovitta.com.br\/index.php\/wp-json\/wp\/v2\/users\/3"}],"replies":[{"embeddable":true,"href":"https:\/\/oncovitta.com.br\/index.php\/wp-json\/wp\/v2\/comments?post=900"}],"version-history":[{"count":1,"href":"https:\/\/oncovitta.com.br\/index.php\/wp-json\/wp\/v2\/posts\/900\/revisions"}],"predecessor-version":[{"id":902,"href":"https:\/\/oncovitta.com.br\/index.php\/wp-json\/wp\/v2\/posts\/900\/revisions\/902"}],"wp:featuredmedia":[{"embeddable":true,"href":"https:\/\/oncovitta.com.br\/index.php\/wp-json\/wp\/v2\/media\/901"}],"wp:attachment":[{"href":"https:\/\/oncovitta.com.br\/index.php\/wp-json\/wp\/v2\/media?parent=900"}],"wp:term":[{"taxonomy":"category","embeddable":true,"href":"https:\/\/oncovitta.com.br\/index.php\/wp-json\/wp\/v2\/categories?post=900"},{"taxonomy":"post_tag","embeddable":true,"href":"https:\/\/oncovitta.com.br\/index.php\/wp-json\/wp\/v2\/tags?post=900"}],"curies":[{"name":"wp","href":"https:\/\/api.w.org\/{rel}","templated":true}]}}