{"id":909,"date":"2024-05-08T15:23:01","date_gmt":"2024-05-08T15:23:01","guid":{"rendered":"https:\/?p=909"},"modified":"2024-05-08T15:23:02","modified_gmt":"2024-05-08T15:23:02","slug":"dia-nacional-de-mobilizacao-da-saude-e-qualidade-de-vida-um-chamado-a-prevencao","status":"publish","type":"post","link":"https:\/\/oncovitta.com.br\/index.php\/2024\/05\/08\/dia-nacional-de-mobilizacao-da-saude-e-qualidade-de-vida-um-chamado-a-prevencao\/","title":{"rendered":"Dia Nacional de Mobiliza\u00e7\u00e3o da Sa\u00fade e Qualidade de Vida: Um chamado \u00e0 preven\u00e7\u00e3o"},"content":{"rendered":"\n<figure class=\"wp-block-image size-full\"><img fetchpriority=\"high\" decoding=\"async\" width=\"940\" height=\"550\" src=\"\/\/\/wp-content\/uploads\/2024\/05\/2e061398-9347-41e0-86d4-bce3709c09fa.jpg\" alt=\"\" class=\"wp-image-910\" srcset=\"https:\/\/oncovitta.com.br\/wp-content\/uploads\/2024\/05\/2e061398-9347-41e0-86d4-bce3709c09fa.jpg 940w, https:\/\/oncovitta.com.br\/wp-content\/uploads\/2024\/05\/2e061398-9347-41e0-86d4-bce3709c09fa-300x176.jpg 300w, https:\/\/oncovitta.com.br\/wp-content\/uploads\/2024\/05\/2e061398-9347-41e0-86d4-bce3709c09fa-768x449.jpg 768w\" sizes=\"(max-width: 940px) 100vw, 940px\" \/><\/figure>\n\n\n\n<p>No Dia Nacional de Mobiliza\u00e7\u00e3o pela Promo\u00e7\u00e3o da Sa\u00fade e Qualidade de Vida, celebrado em todo o pa\u00eds em 6 de maio, a aten\u00e7\u00e3o se volta para a import\u00e2ncia de h\u00e1bitos saud\u00e1veis e medidas preventivas na promo\u00e7\u00e3o do bem-estar geral. Este dia serve como um lembrete oportuno de que a preven\u00e7\u00e3o \u00e9 a chave para enfrentar uma s\u00e9rie de desafios de sa\u00fade, incluindo o c\u00e2ncer, uma das principais causas de morbidade e mortalidade em todo o mundo.<\/p>\n\n\n\n<p>A preven\u00e7\u00e3o do c\u00e2ncer est\u00e1 intrinsecamente ligada a escolhas de estilo de vida saud\u00e1veis, como uma dieta equilibrada, atividade f\u00edsica regular, absten\u00e7\u00e3o de tabaco e modera\u00e7\u00e3o no consumo de \u00e1lcool. Al\u00e9m disso, exames de triagem regulares e conscientiza\u00e7\u00e3o sobre fatores de risco espec\u00edficos para diferentes tipos de c\u00e2ncer desempenham um papel crucial na detec\u00e7\u00e3o precoce e no tratamento bem-sucedido da doen\u00e7a.<\/p>\n\n\n\n<p>Neste Dia Nacional de Mobiliza\u00e7\u00e3o, organiza\u00e7\u00f5es de sa\u00fade, profissionais m\u00e9dicos e comunidades em todo o pa\u00eds unem for\u00e7as para educar, conscientizar e incentivar a ado\u00e7\u00e3o de pr\u00e1ticas saud\u00e1veis que possam reduzir o risco de c\u00e2ncer e outras doen\u00e7as cr\u00f4nicas. Campanhas de conscientiza\u00e7\u00e3o, programas de triagem e eventos de educa\u00e7\u00e3o comunit\u00e1ria s\u00e3o realizados para capacitar as pessoas a tomarem controle de sua sa\u00fade e adotarem h\u00e1bitos que promovam a preven\u00e7\u00e3o do c\u00e2ncer e o bem-estar geral.<\/p>\n\n\n\n<p>Em \u00faltima an\u00e1lise, o Dia Nacional de Mobiliza\u00e7\u00e3o pela Promo\u00e7\u00e3o da Sa\u00fade e Qualidade de Vida oferece uma oportunidade valiosa para a sociedade reafirmar seu compromisso com a sa\u00fade e o bem-estar de todos os cidad\u00e3os. Ao integrar a preven\u00e7\u00e3o do c\u00e2ncer em iniciativas mais amplas de promo\u00e7\u00e3o da sa\u00fade, podemos trabalhar juntos para construir um futuro mais saud\u00e1vel e resiliente para todos.<\/p>\n","protected":false},"excerpt":{"rendered":"<p>No Dia Nacional de Mobiliza\u00e7\u00e3o pela Promo\u00e7\u00e3o da Sa\u00fade e Qualidade de Vida, celebrado em todo o pa\u00eds em 6 de maio, a aten\u00e7\u00e3o se volta para a import\u00e2ncia de h\u00e1bitos saud\u00e1veis e medidas preventivas na promo\u00e7\u00e3o do bem-estar geral. Este dia serve como um lembrete oportuno de que a preven\u00e7\u00e3o \u00e9 a chave para enfrentar uma s\u00e9rie de desafios de sa\u00fade, incluindo o c\u00e2ncer, uma das principais causas de morbidade e mortalidade em todo o mundo. A preven\u00e7\u00e3o do c\u00e2ncer est\u00e1 intrinsecamente ligada a escolhas de estilo de vida saud\u00e1veis, como uma dieta equilibrada, atividade f\u00edsica regular, absten\u00e7\u00e3o de tabaco e modera\u00e7\u00e3o no consumo de \u00e1lcool. Al\u00e9m disso, exames de triagem regulares e conscientiza\u00e7\u00e3o sobre fatores de risco espec\u00edficos para diferentes tipos de c\u00e2ncer desempenham um papel crucial na detec\u00e7\u00e3o precoce e no tratamento bem-sucedido da doen\u00e7a. Neste Dia Nacional de Mobiliza\u00e7\u00e3o, organiza\u00e7\u00f5es de sa\u00fade, profissionais m\u00e9dicos e comunidades em todo o pa\u00eds unem for\u00e7as para educar, conscientizar e incentivar a ado\u00e7\u00e3o de pr\u00e1ticas saud\u00e1veis que possam reduzir o risco de c\u00e2ncer e outras doen\u00e7as cr\u00f4nicas. Campanhas de conscientiza\u00e7\u00e3o, programas de triagem e eventos de educa\u00e7\u00e3o comunit\u00e1ria s\u00e3o realizados para capacitar as pessoas a tomarem controle de sua sa\u00fade e adotarem h\u00e1bitos que promovam a preven\u00e7\u00e3o do c\u00e2ncer e o bem-estar geral. Em \u00faltima an\u00e1lise, o Dia Nacional de Mobiliza\u00e7\u00e3o pela Promo\u00e7\u00e3o da Sa\u00fade e Qualidade de Vida oferece uma oportunidade valiosa para a sociedade reafirmar seu compromisso com a sa\u00fade e o bem-estar de todos os cidad\u00e3os. Ao integrar a preven\u00e7\u00e3o do c\u00e2ncer em iniciativas mais amplas de promo\u00e7\u00e3o da sa\u00fade, podemos trabalhar juntos para construir um futuro mais saud\u00e1vel e resiliente para todos.<\/p>\n","protected":false},"author":3,"featured_media":910,"comment_status":"open","ping_status":"open","sticky":false,"template":"","format":"standard","meta":{"footnotes":""},"categories":[1],"tags":[17,7,10,13,11],"yoast_head":"<!-- This site is optimized with the Yoast SEO plugin v24.4 - https:\/\/yoast.com\/wordpress\/plugins\/seo\/ -->\n<title>Dia Nacional de Mobiliza\u00e7\u00e3o da Sa\u00fade e Qualidade de Vida: Um chamado \u00e0 preven\u00e7\u00e3o - Oncovitta<\/title>\n<meta name=\"robots\" content=\"index, follow, max-snippet:-1, max-image-preview:large, max-video-preview:-1\" \/>\n<link rel=\"canonical\" href=\"https:\/\/oncovitta.com.br\/index.php\/2024\/05\/08\/dia-nacional-de-mobilizacao-da-saude-e-qualidade-de-vida-um-chamado-a-prevencao\/\" \/>\n<meta property=\"og:locale\" content=\"pt_BR\" \/>\n<meta property=\"og:type\" content=\"article\" \/>\n<meta property=\"og:title\" content=\"Dia Nacional de Mobiliza\u00e7\u00e3o da Sa\u00fade e Qualidade de Vida: Um chamado \u00e0 preven\u00e7\u00e3o - Oncovitta\" \/>\n<meta property=\"og:description\" content=\"No Dia Nacional de Mobiliza\u00e7\u00e3o pela Promo\u00e7\u00e3o da Sa\u00fade e Qualidade de Vida, celebrado em todo o pa\u00eds em 6 de maio, a aten\u00e7\u00e3o se volta para a import\u00e2ncia de h\u00e1bitos saud\u00e1veis e medidas preventivas na promo\u00e7\u00e3o do bem-estar geral. Este dia serve como um lembrete oportuno de que a preven\u00e7\u00e3o \u00e9 a chave para enfrentar uma s\u00e9rie de desafios de sa\u00fade, incluindo o c\u00e2ncer, uma das principais causas de morbidade e mortalidade em todo o mundo. A preven\u00e7\u00e3o do c\u00e2ncer est\u00e1 intrinsecamente ligada a escolhas de estilo de vida saud\u00e1veis, como uma dieta equilibrada, atividade f\u00edsica regular, absten\u00e7\u00e3o de tabaco e modera\u00e7\u00e3o no consumo de \u00e1lcool. Al\u00e9m disso, exames de triagem regulares e conscientiza\u00e7\u00e3o sobre fatores de risco espec\u00edficos para diferentes tipos de c\u00e2ncer desempenham um papel crucial na detec\u00e7\u00e3o precoce e no tratamento bem-sucedido da doen\u00e7a. Neste Dia Nacional de Mobiliza\u00e7\u00e3o, organiza\u00e7\u00f5es de sa\u00fade, profissionais m\u00e9dicos e comunidades em todo o pa\u00eds unem for\u00e7as para educar, conscientizar e incentivar a ado\u00e7\u00e3o de pr\u00e1ticas saud\u00e1veis que possam reduzir o risco de c\u00e2ncer e outras doen\u00e7as cr\u00f4nicas. Campanhas de conscientiza\u00e7\u00e3o, programas de triagem e eventos de educa\u00e7\u00e3o comunit\u00e1ria s\u00e3o realizados para capacitar as pessoas a tomarem controle de sua sa\u00fade e adotarem h\u00e1bitos que promovam a preven\u00e7\u00e3o do c\u00e2ncer e o bem-estar geral. Em \u00faltima an\u00e1lise, o Dia Nacional de Mobiliza\u00e7\u00e3o pela Promo\u00e7\u00e3o da Sa\u00fade e Qualidade de Vida oferece uma oportunidade valiosa para a sociedade reafirmar seu compromisso com a sa\u00fade e o bem-estar de todos os cidad\u00e3os. Ao integrar a preven\u00e7\u00e3o do c\u00e2ncer em iniciativas mais amplas de promo\u00e7\u00e3o da sa\u00fade, podemos trabalhar juntos para construir um futuro mais saud\u00e1vel e resiliente para todos.\" \/>\n<meta property=\"og:url\" content=\"https:\/\/oncovitta.com.br\/index.php\/2024\/05\/08\/dia-nacional-de-mobilizacao-da-saude-e-qualidade-de-vida-um-chamado-a-prevencao\/\" \/>\n<meta property=\"og:site_name\" content=\"Oncovitta\" \/>\n<meta property=\"article:published_time\" content=\"2024-05-08T15:23:01+00:00\" \/>\n<meta property=\"article:modified_time\" content=\"2024-05-08T15:23:02+00:00\" \/>\n<meta property=\"og:image\" content=\"https:\/\/oncovitta.com.br\/wp-content\/uploads\/2024\/05\/2e061398-9347-41e0-86d4-bce3709c09fa.jpg\" \/>\n\t<meta property=\"og:image:width\" content=\"940\" \/>\n\t<meta property=\"og:image:height\" content=\"550\" \/>\n\t<meta property=\"og:image:type\" content=\"image\/jpeg\" \/>\n<meta name=\"author\" content=\"hudson\" \/>\n<meta name=\"twitter:card\" content=\"summary_large_image\" \/>\n<meta name=\"twitter:label1\" content=\"Escrito por\" \/>\n\t<meta name=\"twitter:data1\" content=\"hudson\" \/>\n\t<meta name=\"twitter:label2\" content=\"Est. tempo de leitura\" \/>\n\t<meta name=\"twitter:data2\" content=\"2 minutos\" \/>\n<script type=\"application\/ld+json\" class=\"yoast-schema-graph\">{\"@context\":\"https:\/\/schema.org\",\"@graph\":[{\"@type\":\"WebPage\",\"@id\":\"https:\/\/oncovitta.com.br\/index.php\/2024\/05\/08\/dia-nacional-de-mobilizacao-da-saude-e-qualidade-de-vida-um-chamado-a-prevencao\/\",\"url\":\"https:\/\/oncovitta.com.br\/index.php\/2024\/05\/08\/dia-nacional-de-mobilizacao-da-saude-e-qualidade-de-vida-um-chamado-a-prevencao\/\",\"name\":\"Dia Nacional de Mobiliza\u00e7\u00e3o da Sa\u00fade e Qualidade de Vida: Um chamado \u00e0 preven\u00e7\u00e3o - Oncovitta\",\"isPartOf\":{\"@id\":\"https:\/\/www.oncovitta.com.br\/#website\"},\"primaryImageOfPage\":{\"@id\":\"https:\/\/oncovitta.com.br\/index.php\/2024\/05\/08\/dia-nacional-de-mobilizacao-da-saude-e-qualidade-de-vida-um-chamado-a-prevencao\/#primaryimage\"},\"image\":{\"@id\":\"https:\/\/oncovitta.com.br\/index.php\/2024\/05\/08\/dia-nacional-de-mobilizacao-da-saude-e-qualidade-de-vida-um-chamado-a-prevencao\/#primaryimage\"},\"thumbnailUrl\":\"https:\/\/oncovitta.com.br\/wp-content\/uploads\/2024\/05\/2e061398-9347-41e0-86d4-bce3709c09fa.jpg\",\"datePublished\":\"2024-05-08T15:23:01+00:00\",\"dateModified\":\"2024-05-08T15:23:02+00:00\",\"author\":{\"@id\":\"https:\/\/www.oncovitta.com.br\/#\/schema\/person\/8266214e2a517b334e2eabf4c2bda958\"},\"breadcrumb\":{\"@id\":\"https:\/\/oncovitta.com.br\/index.php\/2024\/05\/08\/dia-nacional-de-mobilizacao-da-saude-e-qualidade-de-vida-um-chamado-a-prevencao\/#breadcrumb\"},\"inLanguage\":\"pt-BR\",\"potentialAction\":[{\"@type\":\"ReadAction\",\"target\":[\"https:\/\/oncovitta.com.br\/index.php\/2024\/05\/08\/dia-nacional-de-mobilizacao-da-saude-e-qualidade-de-vida-um-chamado-a-prevencao\/\"]}]},{\"@type\":\"ImageObject\",\"inLanguage\":\"pt-BR\",\"@id\":\"https:\/\/oncovitta.com.br\/index.php\/2024\/05\/08\/dia-nacional-de-mobilizacao-da-saude-e-qualidade-de-vida-um-chamado-a-prevencao\/#primaryimage\",\"url\":\"https:\/\/oncovitta.com.br\/wp-content\/uploads\/2024\/05\/2e061398-9347-41e0-86d4-bce3709c09fa.jpg\",\"contentUrl\":\"https:\/\/oncovitta.com.br\/wp-content\/uploads\/2024\/05\/2e061398-9347-41e0-86d4-bce3709c09fa.jpg\",\"width\":940,\"height\":550},{\"@type\":\"BreadcrumbList\",\"@id\":\"https:\/\/oncovitta.com.br\/index.php\/2024\/05\/08\/dia-nacional-de-mobilizacao-da-saude-e-qualidade-de-vida-um-chamado-a-prevencao\/#breadcrumb\",\"itemListElement\":[{\"@type\":\"ListItem\",\"position\":1,\"name\":\"In\u00edcio\",\"item\":\"https:\/\/www.oncovitta.com.br\/\"},{\"@type\":\"ListItem\",\"position\":2,\"name\":\"Dia Nacional de Mobiliza\u00e7\u00e3o da Sa\u00fade e Qualidade de Vida: Um chamado \u00e0 preven\u00e7\u00e3o\"}]},{\"@type\":\"WebSite\",\"@id\":\"https:\/\/www.oncovitta.com.br\/#website\",\"url\":\"https:\/\/www.oncovitta.com.br\/\",\"name\":\"Oncovitta\",\"description\":\"\",\"potentialAction\":[{\"@type\":\"SearchAction\",\"target\":{\"@type\":\"EntryPoint\",\"urlTemplate\":\"https:\/\/www.oncovitta.com.br\/?s={search_term_string}\"},\"query-input\":{\"@type\":\"PropertyValueSpecification\",\"valueRequired\":true,\"valueName\":\"search_term_string\"}}],\"inLanguage\":\"pt-BR\"},{\"@type\":\"Person\",\"@id\":\"https:\/\/www.oncovitta.com.br\/#\/schema\/person\/8266214e2a517b334e2eabf4c2bda958\",\"name\":\"hudson\",\"image\":{\"@type\":\"ImageObject\",\"inLanguage\":\"pt-BR\",\"@id\":\"https:\/\/www.oncovitta.com.br\/#\/schema\/person\/image\/\",\"url\":\"https:\/\/secure.gravatar.com\/avatar\/8c4f52b52195fa605642db0f145dc3cf?s=96&d=mm&r=g\",\"contentUrl\":\"https:\/\/secure.gravatar.com\/avatar\/8c4f52b52195fa605642db0f145dc3cf?s=96&d=mm&r=g\",\"caption\":\"hudson\"},\"url\":\"https:\/\/oncovitta.com.br\/index.php\/author\/hudson\/\"}]}<\/script>\n<!-- \/ Yoast SEO plugin. -->","yoast_head_json":{"title":"Dia Nacional de Mobiliza\u00e7\u00e3o da Sa\u00fade e Qualidade de Vida: Um chamado \u00e0 preven\u00e7\u00e3o - Oncovitta","robots":{"index":"index","follow":"follow","max-snippet":"max-snippet:-1","max-image-preview":"max-image-preview:large","max-video-preview":"max-video-preview:-1"},"canonical":"https:\/\/oncovitta.com.br\/index.php\/2024\/05\/08\/dia-nacional-de-mobilizacao-da-saude-e-qualidade-de-vida-um-chamado-a-prevencao\/","og_locale":"pt_BR","og_type":"article","og_title":"Dia Nacional de Mobiliza\u00e7\u00e3o da Sa\u00fade e Qualidade de Vida: Um chamado \u00e0 preven\u00e7\u00e3o - Oncovitta","og_description":"No Dia Nacional de Mobiliza\u00e7\u00e3o pela Promo\u00e7\u00e3o da Sa\u00fade e Qualidade de Vida, celebrado em todo o pa\u00eds em 6 de maio, a aten\u00e7\u00e3o se volta para a import\u00e2ncia de h\u00e1bitos saud\u00e1veis e medidas preventivas na promo\u00e7\u00e3o do bem-estar geral. Este dia serve como um lembrete oportuno de que a preven\u00e7\u00e3o \u00e9 a chave para enfrentar uma s\u00e9rie de desafios de sa\u00fade, incluindo o c\u00e2ncer, uma das principais causas de morbidade e mortalidade em todo o mundo. A preven\u00e7\u00e3o do c\u00e2ncer est\u00e1 intrinsecamente ligada a escolhas de estilo de vida saud\u00e1veis, como uma dieta equilibrada, atividade f\u00edsica regular, absten\u00e7\u00e3o de tabaco e modera\u00e7\u00e3o no consumo de \u00e1lcool. Al\u00e9m disso, exames de triagem regulares e conscientiza\u00e7\u00e3o sobre fatores de risco espec\u00edficos para diferentes tipos de c\u00e2ncer desempenham um papel crucial na detec\u00e7\u00e3o precoce e no tratamento bem-sucedido da doen\u00e7a. Neste Dia Nacional de Mobiliza\u00e7\u00e3o, organiza\u00e7\u00f5es de sa\u00fade, profissionais m\u00e9dicos e comunidades em todo o pa\u00eds unem for\u00e7as para educar, conscientizar e incentivar a ado\u00e7\u00e3o de pr\u00e1ticas saud\u00e1veis que possam reduzir o risco de c\u00e2ncer e outras doen\u00e7as cr\u00f4nicas. Campanhas de conscientiza\u00e7\u00e3o, programas de triagem e eventos de educa\u00e7\u00e3o comunit\u00e1ria s\u00e3o realizados para capacitar as pessoas a tomarem controle de sua sa\u00fade e adotarem h\u00e1bitos que promovam a preven\u00e7\u00e3o do c\u00e2ncer e o bem-estar geral. Em \u00faltima an\u00e1lise, o Dia Nacional de Mobiliza\u00e7\u00e3o pela Promo\u00e7\u00e3o da Sa\u00fade e Qualidade de Vida oferece uma oportunidade valiosa para a sociedade reafirmar seu compromisso com a sa\u00fade e o bem-estar de todos os cidad\u00e3os. Ao integrar a preven\u00e7\u00e3o do c\u00e2ncer em iniciativas mais amplas de promo\u00e7\u00e3o da sa\u00fade, podemos trabalhar juntos para construir um futuro mais saud\u00e1vel e resiliente para todos.","og_url":"https:\/\/oncovitta.com.br\/index.php\/2024\/05\/08\/dia-nacional-de-mobilizacao-da-saude-e-qualidade-de-vida-um-chamado-a-prevencao\/","og_site_name":"Oncovitta","article_published_time":"2024-05-08T15:23:01+00:00","article_modified_time":"2024-05-08T15:23:02+00:00","og_image":[{"width":940,"height":550,"url":"https:\/\/oncovitta.com.br\/wp-content\/uploads\/2024\/05\/2e061398-9347-41e0-86d4-bce3709c09fa.jpg","type":"image\/jpeg"}],"author":"hudson","twitter_card":"summary_large_image","twitter_misc":{"Escrito por":"hudson","Est. tempo de leitura":"2 minutos"},"schema":{"@context":"https:\/\/schema.org","@graph":[{"@type":"WebPage","@id":"https:\/\/oncovitta.com.br\/index.php\/2024\/05\/08\/dia-nacional-de-mobilizacao-da-saude-e-qualidade-de-vida-um-chamado-a-prevencao\/","url":"https:\/\/oncovitta.com.br\/index.php\/2024\/05\/08\/dia-nacional-de-mobilizacao-da-saude-e-qualidade-de-vida-um-chamado-a-prevencao\/","name":"Dia Nacional de Mobiliza\u00e7\u00e3o da Sa\u00fade e Qualidade de Vida: Um chamado \u00e0 preven\u00e7\u00e3o - Oncovitta","isPartOf":{"@id":"https:\/\/www.oncovitta.com.br\/#website"},"primaryImageOfPage":{"@id":"https:\/\/oncovitta.com.br\/index.php\/2024\/05\/08\/dia-nacional-de-mobilizacao-da-saude-e-qualidade-de-vida-um-chamado-a-prevencao\/#primaryimage"},"image":{"@id":"https:\/\/oncovitta.com.br\/index.php\/2024\/05\/08\/dia-nacional-de-mobilizacao-da-saude-e-qualidade-de-vida-um-chamado-a-prevencao\/#primaryimage"},"thumbnailUrl":"https:\/\/oncovitta.com.br\/wp-content\/uploads\/2024\/05\/2e061398-9347-41e0-86d4-bce3709c09fa.jpg","datePublished":"2024-05-08T15:23:01+00:00","dateModified":"2024-05-08T15:23:02+00:00","author":{"@id":"https:\/\/www.oncovitta.com.br\/#\/schema\/person\/8266214e2a517b334e2eabf4c2bda958"},"breadcrumb":{"@id":"https:\/\/oncovitta.com.br\/index.php\/2024\/05\/08\/dia-nacional-de-mobilizacao-da-saude-e-qualidade-de-vida-um-chamado-a-prevencao\/#breadcrumb"},"inLanguage":"pt-BR","potentialAction":[{"@type":"ReadAction","target":["https:\/\/oncovitta.com.br\/index.php\/2024\/05\/08\/dia-nacional-de-mobilizacao-da-saude-e-qualidade-de-vida-um-chamado-a-prevencao\/"]}]},{"@type":"ImageObject","inLanguage":"pt-BR","@id":"https:\/\/oncovitta.com.br\/index.php\/2024\/05\/08\/dia-nacional-de-mobilizacao-da-saude-e-qualidade-de-vida-um-chamado-a-prevencao\/#primaryimage","url":"https:\/\/oncovitta.com.br\/wp-content\/uploads\/2024\/05\/2e061398-9347-41e0-86d4-bce3709c09fa.jpg","contentUrl":"https:\/\/oncovitta.com.br\/wp-content\/uploads\/2024\/05\/2e061398-9347-41e0-86d4-bce3709c09fa.jpg","width":940,"height":550},{"@type":"BreadcrumbList","@id":"https:\/\/oncovitta.com.br\/index.php\/2024\/05\/08\/dia-nacional-de-mobilizacao-da-saude-e-qualidade-de-vida-um-chamado-a-prevencao\/#breadcrumb","itemListElement":[{"@type":"ListItem","position":1,"name":"In\u00edcio","item":"https:\/\/www.oncovitta.com.br\/"},{"@type":"ListItem","position":2,"name":"Dia Nacional de Mobiliza\u00e7\u00e3o da Sa\u00fade e Qualidade de Vida: Um chamado \u00e0 preven\u00e7\u00e3o"}]},{"@type":"WebSite","@id":"https:\/\/www.oncovitta.com.br\/#website","url":"https:\/\/www.oncovitta.com.br\/","name":"Oncovitta","description":"","potentialAction":[{"@type":"SearchAction","target":{"@type":"EntryPoint","urlTemplate":"https:\/\/www.oncovitta.com.br\/?s={search_term_string}"},"query-input":{"@type":"PropertyValueSpecification","valueRequired":true,"valueName":"search_term_string"}}],"inLanguage":"pt-BR"},{"@type":"Person","@id":"https:\/\/www.oncovitta.com.br\/#\/schema\/person\/8266214e2a517b334e2eabf4c2bda958","name":"hudson","image":{"@type":"ImageObject","inLanguage":"pt-BR","@id":"https:\/\/www.oncovitta.com.br\/#\/schema\/person\/image\/","url":"https:\/\/secure.gravatar.com\/avatar\/8c4f52b52195fa605642db0f145dc3cf?s=96&d=mm&r=g","contentUrl":"https:\/\/secure.gravatar.com\/avatar\/8c4f52b52195fa605642db0f145dc3cf?s=96&d=mm&r=g","caption":"hudson"},"url":"https:\/\/oncovitta.com.br\/index.php\/author\/hudson\/"}]}},"_links":{"self":[{"href":"https:\/\/oncovitta.com.br\/index.php\/wp-json\/wp\/v2\/posts\/909"}],"collection":[{"href":"https:\/\/oncovitta.com.br\/index.php\/wp-json\/wp\/v2\/posts"}],"about":[{"href":"https:\/\/oncovitta.com.br\/index.php\/wp-json\/wp\/v2\/types\/post"}],"author":[{"embeddable":true,"href":"https:\/\/oncovitta.com.br\/index.php\/wp-json\/wp\/v2\/users\/3"}],"replies":[{"embeddable":true,"href":"https:\/\/oncovitta.com.br\/index.php\/wp-json\/wp\/v2\/comments?post=909"}],"version-history":[{"count":1,"href":"https:\/\/oncovitta.com.br\/index.php\/wp-json\/wp\/v2\/posts\/909\/revisions"}],"predecessor-version":[{"id":911,"href":"https:\/\/oncovitta.com.br\/index.php\/wp-json\/wp\/v2\/posts\/909\/revisions\/911"}],"wp:featuredmedia":[{"embeddable":true,"href":"https:\/\/oncovitta.com.br\/index.php\/wp-json\/wp\/v2\/media\/910"}],"wp:attachment":[{"href":"https:\/\/oncovitta.com.br\/index.php\/wp-json\/wp\/v2\/media?parent=909"}],"wp:term":[{"taxonomy":"category","embeddable":true,"href":"https:\/\/oncovitta.com.br\/index.php\/wp-json\/wp\/v2\/categories?post=909"},{"taxonomy":"post_tag","embeddable":true,"href":"https:\/\/oncovitta.com.br\/index.php\/wp-json\/wp\/v2\/tags?post=909"}],"curies":[{"name":"wp","href":"https:\/\/api.w.org\/{rel}","templated":true}]}}